{"id":822,"date":"2021-01-30T01:59:28","date_gmt":"2021-01-30T00:59:28","guid":{"rendered":"http:\/\/turkey-zero-pollution.com\/?p=822"},"modified":"2021-01-30T01:59:34","modified_gmt":"2021-01-30T00:59:34","slug":"kanal-istanbulun-tartismali-bilirkisi","status":"publish","type":"post","link":"https:\/\/turkey-zero-pollution.com\/?p=822","title":{"rendered":"Kanal \u0130stanbul\u2019un tart\u0131\u015fmal\u0131 bilirki\u015fi"},"content":{"rendered":"\n<h1 class=\"wp-block-heading\">Bilirki\u015fi heyetinden H.A. &lsquo;Tehdit edildim&rsquo; diyerek \u00e7ekildi: Bask\u0131 de\u015fifre oldu<\/h1>\n\n\n\n<h2 class=\"wp-block-heading\">Kanal \u0130stanbul\u2019un tart\u0131\u015fmal\u0131 bilirki\u015fi heyetinden bir \u00fcye \u00e7ekildi. \u0130stanbul 10. \u0130dare Mahkemesi\u2019ne g\u00f6nderdi\u011fi dilek\u00e7ede \u2018aff\u0131n\u0131\u2019 isteyen H.A., \u201cA\u00e7\u0131k ve \u00fcst\u00fc kapal\u0131 tehditler ald\u0131m\u201d dedi.<\/h2>\n\n\n\n<figure class=\"wp-block-image\"><img decoding=\"async\" src=\"https:\/\/static.birgun.net\/resim\/haber-detay-resim\/2021\/01\/29\/bilirkisi-heyetinden-h-a-tehdit-edildim-diyerek-cekildi-baski-desifre-oldu-835131-5.jpg\" alt=\"Bilirki\u015fi heyetinden H.A. 'Tehdit edildim' diyerek \u00e7ekildi: Bask\u0131 de\u015fifre oldu\"\/><\/figure>\n\n\n\n<p><strong>HABER MERKEZ\u0130<\/strong><\/p>\n\n\n\n<p>B\u0130L\u0130M insanlar\u0131n\u0131n \u2018felakete neden olur\u2019 uyar\u0131lar\u0131na kulak t\u0131kayan iktidar, Kanal \u0130stanbul \u0131srar\u0131n\u0131 s\u00fcrd\u00fcr\u00fcrken mega proje i\u00e7in olu\u015fturulan bilirki\u015fi heyetine resen atanan Y\u0131ld\u0131z Teknik \u00dcniversitesi\u2019nden (YT\u00dc) bir akademisyen, \u2018tehdit edildi\u011fini\u2019 belirterek, g\u00f6revinden \u00e7ekildi. 16 Aral\u0131k 2020\u2019de resen bilirki\u015fi heyetine atanan H.A., 22 Ocak tarihinde davaya bakan \u0130stanbul 10. \u0130dare Mahkemesi\u2019ne bir dilek\u00e7e g\u00f6nderdi ve g\u00f6revlendirmesinin iptal edilmesini istedi.<br><br>H.A. s\u00f6z konusu dilek\u00e7esinde, 2013 y\u0131l\u0131nda \u00f6zel bir firma ile \u0130stanbul Karayollar\u0131 B\u00f6lge M\u00fcd\u00fcrl\u00fc\u011f\u00fc\u2019nden bir ki\u015finin kendisiyle irtibata ge\u00e7ti\u011fini ve Kanal \u0130stanbul i\u00e7in rapor haz\u0131rlatmak istediklerini belirtti. H.A., dilek\u00e7esinde \u015fu ifadelere yer verdi: \u201cKanal \u0130stanbul projesi ile ilgili ilk ili\u015fkim Nisan-May\u0131s 2013 tarihinde olmu\u015ftur. Bu tarihlerde YT\u00dc \u0130n\u015faat Fak\u00fcltesi Dekan\u0131 oldu\u011fum d\u00f6nemde Karayollar\u0131 \u0130stanbul B\u00f6lge M\u00fcd\u00fcrl\u00fc\u011f\u00fc\u2019nden bir ki\u015fiyle birlikte \u00f6zel bir firma yetkilisi benimle irtibata ge\u00e7erek Kanal \u0130stanbul projesini anlatt\u0131lar ve \u0130T\u00dc ile birlikte iki tane de \u2018vak\u0131f \u00fcniversitesi olmak \u00fczere d\u00f6rt \u00fcniversiteden teknik rapor almak istediklerini\u2019 belirttiler. Projenin gizli oldu\u011fu ve g\u00fczerg\u00e2h belirlenmeden kamuoyu ile payla\u015f\u0131lmayaca\u011f\u0131 bilgisi de verildi. Ben de D\u00f6ner Sermaye \u0130\u015fletmesi kapsam\u0131nda bu i\u015fin yap\u0131labilece\u011fini belirttim ve gizlili\u011fe binaen \u00f6zel firma \u00fczerinden fak\u00fclteye m\u00fcracaat edildi. Bizden talep edilen, Karayollar\u0131 B\u00f6lge M\u00fcd\u00fcrl\u00fc\u011f\u00fc\u2019n\u00fcn topo\u011frafyaya g\u00f6re kabaca ve yakla\u015f\u0131k olarak belirledi\u011fi d\u00f6rt g\u00fczerg\u00e2htan hangi g\u00fczerg\u00e2h\u0131n hidrolojik ve \u00e7evresel etkilerinin en az olaca\u011f\u0131 g\u00fczerg\u00e2h\u0131n tespit edilmesiydi. Ben de \u00c7evre M\u00fchendisli\u011fi B\u00f6l\u00fcm\u00fc\u2019nden olan Dekan Yard\u0131mc\u0131m ile birlikte raporu haz\u0131rlad\u0131m ve talep sahiplerine ilettim.\u201d<\/p>\n\n\n\n<p><br><strong>\u2018BE\u011eENMED\u0130KLER\u0130\u2019 \u0130\u00c7\u0130N\u00a0TEKRAR RAPOR \u0130STEM\u0130\u015eLER<\/strong><br><br>Haz\u0131rlad\u0131klar\u0131 raporun \u2018be\u011fenilmedi\u011fini\u2019, kendilerinden yeniden rapor istendi\u011fini&#8230;.<\/p>\n\n\n\n<p><a href=\"https:\/\/www.birgun.net\/haber\/bilirkisi-heyetinden-h-a-tehdit-edildim-diyerek-cekildi-baski-desifre-oldu-332218\">https:\/\/www.birgun.net\/haber\/bilirkisi-heyetinden-h-a-tehdit-edildim-diyerek-cekildi-baski-desifre-oldu-332218<\/a><\/p>\n","protected":false},"excerpt":{"rendered":"<p>Bilirki\u015fi heyetinden H.A. &lsquo;Tehdit edildim&rsquo; diyerek \u00e7ekildi: Bask\u0131 de\u015fifre oldu Kanal \u0130stanbul\u2019un tart\u0131\u015fmal\u0131 bilirki\u015fi heyetinden bir \u00fcye \u00e7ekildi. \u0130stanbul 10. \u0130dare Mahkemesi\u2019ne g\u00f6nderdi\u011fi dilek\u00e7ede \u2018aff\u0131n\u0131\u2019 isteyen H.A., \u201cA\u00e7\u0131k ve \u00fcst\u00fc kapal\u0131 tehditler ald\u0131m\u201d dedi.&#46;&#46;&#46;<\/p>\n","protected":false},"author":1,"featured_media":0,"comment_status":"open","ping_status":"open","sticky":false,"template":"","format":"standard","meta":{"footnotes":""},"categories":[1],"tags":[],"yst_prominent_words":[],"class_list":["post-822","post","type-post","status-publish","format-standard","hentry","category-non-classe"],"lang":"tr","translations":{"en":824,"tr":822,"de":826,"es":828,"fr":830},"pll_sync_post":[],"_links":{"self":[{"href":"https:\/\/turkey-zero-pollution.com\/index.php?rest_route=\/wp\/v2\/posts\/822","targetHints":{"allow":["GET"]}}],"collection":[{"href":"https:\/\/turkey-zero-pollution.com\/index.php?rest_route=\/wp\/v2\/posts"}],"about":[{"href":"https:\/\/turkey-zero-pollution.com\/index.php?rest_route=\/wp\/v2\/types\/post"}],"author":[{"embeddable":true,"href":"https:\/\/turkey-zero-pollution.com\/index.php?rest_route=\/wp\/v2\/users\/1"}],"replies":[{"embeddable":true,"href":"https:\/\/turkey-zero-pollution.com\/index.php?rest_route=%2Fwp%2Fv2%2Fcomments&post=822"}],"version-history":[{"count":0,"href":"https:\/\/turkey-zero-pollution.com\/index.php?rest_route=\/wp\/v2\/posts\/822\/revisions"}],"wp:attachment":[{"href":"https:\/\/turkey-zero-pollution.com\/index.php?rest_route=%2Fwp%2Fv2%2Fmedia&parent=822"}],"wp:term":[{"taxonomy":"category","embeddable":true,"href":"https:\/\/turkey-zero-pollution.com\/index.php?rest_route=%2Fwp%2Fv2%2Fcategories&post=822"},{"taxonomy":"post_tag","embeddable":true,"href":"https:\/\/turkey-zero-pollution.com\/index.php?rest_route=%2Fwp%2Fv2%2Ftags&post=822"},{"taxonomy":"yst_prominent_words","embeddable":true,"href":"https:\/\/turkey-zero-pollution.com\/index.php?rest_route=%2Fwp%2Fv2%2Fyst_prominent_words&post=822"}],"curies":[{"name":"wp","href":"https:\/\/api.w.org\/{rel}","templated":true}]}}