{"id":742,"date":"2021-01-23T22:54:16","date_gmt":"2021-01-23T21:54:16","guid":{"rendered":"http:\/\/turkey-zero-pollution.com\/?p=742"},"modified":"2021-01-23T22:56:04","modified_gmt":"2021-01-23T21:56:04","slug":"kapadokya-altin-arama-kanadali-centerra-maden","status":"publish","type":"post","link":"https:\/\/turkey-zero-pollution.com\/?p=742","title":{"rendered":"Kapadokya: alt\u0131n arama, Kanadal\u0131 Centerra maden&#8230;."},"content":{"rendered":"\n<h1 class=\"wp-block-heading\">Kazda\u011flar\u0131&rsquo;ndan sonra UNESCO d\u00fcnya miras\u0131 listesinde yer alan Kapadokya&rsquo;ya i\u00e7in de alt\u0131n arama ruhsat\u0131 verildi!<\/h1>\n\n\n\n<figure class=\"wp-block-image\"><img decoding=\"async\" src=\"https:\/\/media-cdn.t24.com.tr\/media\/library\/2021\/01\/1611380831776-kapa.jpg\" alt=\"kapadokya\"\/><\/figure>\n\n\n\n<p>23 Ocak 2021 08:38<\/p>\n\n\n\n<p>\u00c7anakkale&rsquo;nin Kazda\u011flar\u0131 b\u00f6lgesinden sonra T\u00fcrkiye\u2019nin en \u00f6nemli tarihi ve turistik b\u00f6lgelerinden Kapadokya alt\u0131n tehdidiyle kar\u015f\u0131 kar\u015f\u0131ya kald\u0131. Kanadal\u0131 Centerra maden \u015firketibin 1306 hektarl\u0131k alanda alt\u0131n aramak i\u00e7in Enerji Bakanl\u0131\u011f\u0131 Maden ve Petrol \u0130\u015fleri Genel M\u00fcd\u00fcrl\u00fc\u011f\u00fc&rsquo;nden resmen ruhsat ald\u0131.<\/p>\n\n\n\n<p>Do\u011fa harikas\u0131 Kazda\u011flar\u0131&rsquo;ndaki ormanl\u0131k alanlar\u0131 yok eden Kanadal\u0131 alt\u0131nc\u0131lar \u015fimdi de UNESCO&rsquo;nun d\u00fcnya miras\u0131 listesinde yer alan ve T\u00fcrkiye&rsquo;nin en de\u011ferli turizm alanlar\u0131ndan biri olan Kapadokya&rsquo;ya g\u00f6z dikti.<br><br>Kanadal\u0131 Centerra maden \u015firketi, Nev\u015fehir&rsquo;in Avanos il\u00e7esine ba\u011fl\u0131 \u00d6zkonak ve G\u00f6yn\u00fck k\u00f6ylerinde toplam bin 306 hektar\u0131 kapsayan devasa alanda alt\u0131n aramak i\u00e7in Enerji Bakanl\u0131\u011f\u0131 Maden ve Petrol \u0130\u015fleri Genel M\u00fcd\u00fcrl\u00fc\u011f\u00fc&rsquo;nden resmen ruhsat ald\u0131. Y\u00f6re halk\u0131 alt\u0131n madeninden, \u015firketin sondaja ba\u015flamas\u0131yla haberdar olabildi. Madenin durdurulmas\u0131 i\u00e7in dava a\u00e7\u0131l\u0131rken, on binlerce itiraz dilek\u00e7esi topland\u0131.<\/p>\n\n\n\n<h3 class=\"wp-block-heading\">K\u0131z\u0131l\u0131rmak da tehlike alt\u0131nda<\/h3>\n\n\n\n<p>S\u00f6zc\u00fc gazetesinden Erdo\u011fan S\u00fczer&rsquo;in haberine g\u00f6re; siyan\u00fcr endi\u015fesi ya\u015fayan halk Cumhurba\u015fkanl\u0131\u011f\u0131&rsquo;na da \u015fikayet ya\u011fd\u0131rd\u0131. Ancak Cumhurba\u015fkanl\u0131\u011f\u0131, Kapadokya&rsquo;n\u0131n yan\u0131 s\u0131ra K\u0131z\u0131l\u0131rmak suyunu da tehdit eden alt\u0131n madeninin Kapadokya s\u0131n\u0131rlar\u0131 i\u00e7inde yer almad\u0131\u011f\u0131n\u0131 belirtti.<\/p>\n\n\n\n<p>Kapadokya b\u00f6lgesinde huzursuzlu\u011fa neden olan alt\u0131n madeninin ruhsat sahas\u0131n\u0131n \u00d6zkonak Beldesi ve G\u00f6yn\u00fck K\u00f6y\u00fc s\u0131n\u0131rlar\u0131 i\u00e7erisinde yer alan biri 900 hektar di\u011feri 406 hektar olmak \u00fczere toplam bin 306 hektar alan\u0131 kapsad\u0131\u011f\u0131 belirtildi<br><br>Tarihi ve k\u00fclt\u00fcrel miras Kapadokya alan\u0131n\u0131n hemen s\u0131n\u0131r\u0131nda, d\u00fcnyaca \u00fcnl\u00fc yeralt\u0131 \u015fehrine 400 metre, 4. y\u00fczy\u0131ldan kalan Belha Manast\u0131r\u0131&rsquo;na sadece 150 metre mesafede oldu\u011fu belirtilen alt\u0131n arama sahas\u0131n\u0131n ayn\u0131 zamanda Anadolu&rsquo;ya ilk gelen 12 T\u00fcrk beyinin mezarlar\u0131n\u0131n yer ald\u0131\u011f\u0131 alana da s\u0131n\u0131r oldu\u011fu ifade edildi.<br><br>D\u00fcnyan\u0131n d\u00f6rt bir yan\u0131ndan turist a\u011f\u0131rlayan Kapadokya&rsquo;n\u0131n alt\u0131n madeni ve siyan\u00fcr riskiyle kar\u015f\u0131 kar\u015f\u0131ya&#8230;.<\/p>\n\n\n\n<p><a href=\"https:\/\/t24.com.tr\/haber\/kazdaglari-ndan-sonra-unesco-dunya-mirasi-listesinde-yer-alan-kapadokya-ya-icin-de-altin-arama-ruhsati-verildi,928369\">https:\/\/t24.com.tr\/haber\/kazdaglari-ndan-sonra-unesco-dunya-mirasi-listesinde-yer-alan-kapadokya-ya-icin-de-altin-arama-ruhsati-verildi,928369<\/a><\/p>\n\n\n\n\n","protected":false},"excerpt":{"rendered":"<p>Kazda\u011flar\u0131&rsquo;ndan sonra UNESCO d\u00fcnya miras\u0131 listesinde yer alan Kapadokya&rsquo;ya i\u00e7in de alt\u0131n arama ruhsat\u0131 verildi! 23 Ocak 2021 08:38 \u00c7anakkale&rsquo;nin Kazda\u011flar\u0131 b\u00f6lgesinden sonra T\u00fcrkiye\u2019nin en \u00f6nemli tarihi ve turistik b\u00f6lgelerinden Kapadokya alt\u0131n tehdidiyle kar\u015f\u0131&#46;&#46;&#46;<\/p>\n","protected":false},"author":1,"featured_media":0,"comment_status":"open","ping_status":"open","sticky":false,"template":"","format":"standard","meta":{"footnotes":""},"categories":[1],"tags":[],"yst_prominent_words":[],"class_list":["post-742","post","type-post","status-publish","format-standard","hentry","category-non-classe"],"lang":"tr","translations":{"es":744,"tr":742,"en":746,"de":748,"fr":750},"pll_sync_post":[],"_links":{"self":[{"href":"https:\/\/turkey-zero-pollution.com\/index.php?rest_route=\/wp\/v2\/posts\/742","targetHints":{"allow":["GET"]}}],"collection":[{"href":"https:\/\/turkey-zero-pollution.com\/index.php?rest_route=\/wp\/v2\/posts"}],"about":[{"href":"https:\/\/turkey-zero-pollution.com\/index.php?rest_route=\/wp\/v2\/types\/post"}],"author":[{"embeddable":true,"href":"https:\/\/turkey-zero-pollution.com\/index.php?rest_route=\/wp\/v2\/users\/1"}],"replies":[{"embeddable":true,"href":"https:\/\/turkey-zero-pollution.com\/index.php?rest_route=%2Fwp%2Fv2%2Fcomments&post=742"}],"version-history":[{"count":0,"href":"https:\/\/turkey-zero-pollution.com\/index.php?rest_route=\/wp\/v2\/posts\/742\/revisions"}],"wp:attachment":[{"href":"https:\/\/turkey-zero-pollution.com\/index.php?rest_route=%2Fwp%2Fv2%2Fmedia&parent=742"}],"wp:term":[{"taxonomy":"category","embeddable":true,"href":"https:\/\/turkey-zero-pollution.com\/index.php?rest_route=%2Fwp%2Fv2%2Fcategories&post=742"},{"taxonomy":"post_tag","embeddable":true,"href":"https:\/\/turkey-zero-pollution.com\/index.php?rest_route=%2Fwp%2Fv2%2Ftags&post=742"},{"taxonomy":"yst_prominent_words","embeddable":true,"href":"https:\/\/turkey-zero-pollution.com\/index.php?rest_route=%2Fwp%2Fv2%2Fyst_prominent_words&post=742"}],"curies":[{"name":"wp","href":"https:\/\/api.w.org\/{rel}","templated":true}]}}