{"id":683,"date":"2021-01-13T19:54:56","date_gmt":"2021-01-13T18:54:56","guid":{"rendered":"http:\/\/turkey-zero-pollution.com\/?p=683"},"modified":"2021-01-13T19:55:01","modified_gmt":"2021-01-13T18:55:01","slug":"iklim-degisikligiyle-mucadeleyi-hizlandirmak","status":"publish","type":"post","link":"https:\/\/turkey-zero-pollution.com\/?p=683","title":{"rendered":"iklim de\u011fi\u015fikli\u011fiyle m\u00fccadeleyi h\u0131zland\u0131rmak"},"content":{"rendered":"\n<h1 class=\"wp-block-heading\">2021, iklim de\u011fi\u015fikli\u011fiyle m\u00fccadeleyi h\u0131zland\u0131rmak i\u00e7in \u00e7ok \u00f6nemli bir y\u0131l<\/h1>\n\n\n\n<p>\u00d6n\u00fcm\u00fczdeki birka\u00e7 ay, Devletlerin \u00e7abalar\u0131n\u0131 doruk noktas\u0131na kadar h\u0131zland\u0131rmay\u0131 m\u00fcmk\u00fcn k\u0131lacakt\u0131r: COP26, bir y\u0131l ertelendikten sonra Kas\u0131m ay\u0131 ba\u015flar\u0131nda Glasgow&rsquo;da yap\u0131lacak.<\/p>\n\n\n\n<p id=\"js-authors-trigger\"><a href=\"https:\/\/www.lemonde.fr\/signataire\/audrey-garric\/\">Audrey Garric<\/a> taraf\u0131ndan g\u00f6nderildi 05 Ocak 2021, 05:42 &#8211; 05 Ocak 2021 saat 06: 23&rsquo;te g\u00fcncellendi<\/p>\n\n\n\n<p><br> <img decoding=\"async\" src=\"https:\/\/img.lemde.fr\/2021\/01\/01\/0\/0\/3500\/2333\/664\/0\/75\/0\/15df041_298736329 -941860.jpg \" alt=\" 3 Mart 2016'da Almanya, Niederaussem'deki k\u00f6m\u00fcr fabrikas\u0131ndan buhar \u00e7\u0131k\u0131yor. \"> Niederaussem, Almanya, 3 Mart 2016. WOLFGANG RATTAY \/ REUTERS<\/p>\n\n\n\n<p>2020 y\u0131l\u0131, iklim eylemi i\u00e7in bir d\u00f6n\u00fcm noktas\u0131 olarak sunuldu. Paris iklim anla\u015fmas\u0131ndan be\u015f y\u0131l sonra, devletler k\u00fcresel \u0131s\u0131nmaya kar\u015f\u0131 sava\u015fta toplu olarak daha h\u0131zl\u0131 ve daha ileri gitmek zorunda kald\u0131. Covid-19 salg\u0131n\u0131 aksi karar verdi. 2021 bir telafi seans\u0131 sunarken, beklentiler ve umutlar daha da b\u00fcy\u00fcyor.<\/p>\n\n\n\n<p>\u00d6n\u00fcm\u00fczdeki aylar, Devletlerin \u00e7abalar\u0131n\u0131 zirveye \u00e7\u0131karmak i\u00e7in \u00e7ok \u00f6nemli olacak: Glasgow&rsquo;da (\u0130sko\u00e7ya) d\u00fczenlenecek 26 D\u00fcnya \u0130klim Konferans\u0131 (COP26) ) bir y\u0131l ertelendikten sonra Kas\u0131m 2021&rsquo;de. 2015 y\u0131l\u0131ndan bu yana en \u00f6nemlisi olmay\u0131 vaat eden bu olay, aksiyonda bir devrilme noktas\u0131n\u0131n a\u015f\u0131ld\u0131\u011f\u0131n\u0131 g\u00f6stermelidir. Acil bir durum var: iklim de\u011fi\u015fikli\u011fi k\u00f6t\u00fcle\u015fmeye devam ediyor ve <a href=\"https:\/\/www.lemonde.fr\/planete\/article\/2020\/12\/02\/2020-se-classe-parmi- \u015eimdiye kadarki en s\u0131cak \u00fc\u00e7_6061928_3244.html #: ~: text = Her% 20ann% C3% A9e% 2C% 20 yorulmadan% 2C% 20le% 20r% C3% A9chauffement, g\u00f6zlem% C3% A9es % 2C% 20with% 202016% 20and% 202019. \">2020&rsquo;nin rekor seviyedeki en s\u0131cak \u00fc\u00e7 y\u0131l i\u00e7inde yer almas\u0131 bekleniyor <\/a>.<\/p>\n\n\n\n<h2 class=\"wp-block-heading\">\u00ab\u00a0Dikkatli umut edin \u00ab\u00a0<\/h2>\n\n\n\n<p><em>\u00ab\u00a02021 iklim i\u00e7in bir hakikat y\u0131l\u0131 olacak\u00a0\u00bb <\/em>, <em>D\u00fcnya<\/em> eski D\u0131\u015fi\u015fleri Bakan\u0131 ve COP21 Ba\u015fkan\u0131 Laurent Fabius&rsquo;a, Paris anla\u015fmas\u0131. Ge\u00e7en y\u0131l\u0131n aksine, bir\u00e7ok \u0131\u015f\u0131k ye\u015fil. <em>\u00ab\u00a0Ufuklar ve y\u00fck\u00fcml\u00fcl\u00fckler ilk kez netle\u015fti: Devletler, 2050&rsquo;de uzun vadeli bir rotay\u0131, karbon n\u00f6trl\u00fc\u011f\u00fcn\u00fc belirlemeli, ancak ayn\u0131 zamanda orta vadede, 2030&rsquo;da ve k\u0131sa vadede \u00e7abalar\u0131n\u0131 art\u0131rmal\u0131, te\u015fvik planlar\u0131nda \u201d<\/em><\/p>\n\n\n\n<p><a href=\"https:\/\/www.lemonde.fr\/planete\/article\/2021\/01\/05\/2021-une-annee-cruciale-pour-accelerer-la-lutte-contre-le-dereglement-climatique_6065210_3244.html\">https:\/\/www.lemonde.fr\/planete\/article\/2021\/01\/05\/2021-une-annee-cruciale-pour-accelerer-la-lutte-contre-le-dereglement-climatique_6065210_3244.html<\/a><\/p>\n","protected":false},"excerpt":{"rendered":"<p>2021, iklim de\u011fi\u015fikli\u011fiyle m\u00fccadeleyi h\u0131zland\u0131rmak i\u00e7in \u00e7ok \u00f6nemli bir y\u0131l \u00d6n\u00fcm\u00fczdeki birka\u00e7 ay, Devletlerin \u00e7abalar\u0131n\u0131 doruk noktas\u0131na kadar h\u0131zland\u0131rmay\u0131 m\u00fcmk\u00fcn k\u0131lacakt\u0131r: COP26, bir y\u0131l ertelendikten sonra Kas\u0131m ay\u0131 ba\u015flar\u0131nda Glasgow&rsquo;da yap\u0131lacak. Audrey Garric taraf\u0131ndan&#46;&#46;&#46;<\/p>\n","protected":false},"author":1,"featured_media":0,"comment_status":"open","ping_status":"open","sticky":false,"template":"","format":"standard","meta":{"footnotes":""},"categories":[1],"tags":[],"yst_prominent_words":[],"class_list":["post-683","post","type-post","status-publish","format-standard","hentry","category-non-classe"],"lang":"tr","translations":{"en":680,"fr":677,"tr":683,"de":685},"pll_sync_post":[],"_links":{"self":[{"href":"https:\/\/turkey-zero-pollution.com\/index.php?rest_route=\/wp\/v2\/posts\/683","targetHints":{"allow":["GET"]}}],"collection":[{"href":"https:\/\/turkey-zero-pollution.com\/index.php?rest_route=\/wp\/v2\/posts"}],"about":[{"href":"https:\/\/turkey-zero-pollution.com\/index.php?rest_route=\/wp\/v2\/types\/post"}],"author":[{"embeddable":true,"href":"https:\/\/turkey-zero-pollution.com\/index.php?rest_route=\/wp\/v2\/users\/1"}],"replies":[{"embeddable":true,"href":"https:\/\/turkey-zero-pollution.com\/index.php?rest_route=%2Fwp%2Fv2%2Fcomments&post=683"}],"version-history":[{"count":0,"href":"https:\/\/turkey-zero-pollution.com\/index.php?rest_route=\/wp\/v2\/posts\/683\/revisions"}],"wp:attachment":[{"href":"https:\/\/turkey-zero-pollution.com\/index.php?rest_route=%2Fwp%2Fv2%2Fmedia&parent=683"}],"wp:term":[{"taxonomy":"category","embeddable":true,"href":"https:\/\/turkey-zero-pollution.com\/index.php?rest_route=%2Fwp%2Fv2%2Fcategories&post=683"},{"taxonomy":"post_tag","embeddable":true,"href":"https:\/\/turkey-zero-pollution.com\/index.php?rest_route=%2Fwp%2Fv2%2Ftags&post=683"},{"taxonomy":"yst_prominent_words","embeddable":true,"href":"https:\/\/turkey-zero-pollution.com\/index.php?rest_route=%2Fwp%2Fv2%2Fyst_prominent_words&post=683"}],"curies":[{"name":"wp","href":"https:\/\/api.w.org\/{rel}","templated":true}]}}