{"id":2971,"date":"2022-08-20T22:06:55","date_gmt":"2022-08-20T21:06:55","guid":{"rendered":"https:\/\/turkey-zero-pollution.com\/?p=2971"},"modified":"2022-08-20T22:06:58","modified_gmt":"2022-08-20T21:06:58","slug":"facebook-fuera-de-la-ley-en-europa-en-africa-y","status":"publish","type":"post","link":"https:\/\/turkey-zero-pollution.com\/?p=2971&lang=es","title":{"rendered":"Facebook: FUERA DE LA LEY, en EUROPA, en AFRICA y ??"},"content":{"rendered":"\n<p>Cierra las p\u00e1ginas del grupo de trabajo como le parece. Respeto a la propiedad intelectual NO RESPETO. Sin reglas, o reglas incomprensibles, la asociaci\u00f3n de consumidores francesa gana en Justicia contra Facebook.<\/p>\n\n\n\n<p>Australia: acusan a Facebook de bloquear deliberadamente p\u00e1ginas del gobierno para evitar la aprobaci\u00f3n de una ley<\/p>\n\n\n\n<p>En 2021, la red social bloque\u00f3 ciertas p\u00e1ginas de informaci\u00f3n sobre el Covid-19 o desastres naturales en Australia. Supuestamente \u00ab\u00a0involuntaria\u00a0\u00bb, la maniobra en realidad pretend\u00eda influir en el desarrollo de una ley a la que Facebook era desfavorable, seg\u00fan el \u00ab\u00a0Wall Street Journal\u00a0\u00bb.<\/p>\n\n\n\n<p>Por Nicol\u00e1s Seis<br>Publicado el 06 de mayo de 2022<\/p>\n\n\n\n<p><a href=\"https:\/\/www.lemonde.fr\/pixels\/article\/2022\/05\/06\/australie-facebook-accuse-d-avoir-deliberement-bloque-des-pages-govemmentaux-pour-empecher-le-vote-d- une-loi_6125037_4408996.html\" target=\"_blank\" rel=\"noreferrer noopener\">https:\/\/www.lemonde.fr\/pixels\/article\/2022\/05\/06\/australie-facebook-accuse-d-avoir-deliberement-bloque-des-pages-govemmentaux-pour-empecher-le-vote-d- une-loi_6125037_4408996.html<\/a><\/p>\n\n\n\n<hr class=\"wp-block-separator has-alpha-channel-opacity\"\/>\n\n\n\n<p>Publicidad online: Bruselas sospecha que Google y Facebook han falseado la competencia<\/p>\n\n\n\n<p>La Comisi\u00f3n Europea abre una investigaci\u00f3n sobre un acuerdo entre los dos l\u00edderes en publicidad dirigida.<\/p>\n\n\n\n<p>Por Alejandro Piquard<br>Publicado el 11 de marzo de 2022<\/p>\n\n\n\n<p><a href=\"https:\/\/www.lemonde.fr\/economie\/article\/2022\/03\/11\/publicite-en-ligne-bruxelles-soupconne-google-et-facebook-d-avoir-fausse-la-concurrence_6117107_3234.html\">https:\/\/www.lemonde.fr\/economie\/article\/2022\/03\/11\/publicite-en-ligne-bruxelles-soupconne-google-et-facebook-d-avoir-fausse-la-concurrence_6117107_3234.html<\/a><\/p>\n\n\n\n<hr class=\"wp-block-separator has-alpha-channel-opacity\"\/>\n\n\n\n<p>Un estudio encuentra una mala moderaci\u00f3n de los comentarios en Facebook en Francia<\/p>\n\n\n\n<p>Una \u00ab\u00a0prueba\u00a0\u00bb de comentarios abusivos mostr\u00f3 que poco m\u00e1s de un tercio de los informes dieron como resultado la eliminaci\u00f3n inmediata de las publicaciones.<\/p>\n\n\n\n<p><a href=\"https:\/\/www.lemonde.fr\/pixels\/article\/2022\/03\/10\/une-etude-pointe-une-mauvaise-moderation-des-commentaires-sur-facebook-en-france_6116916_4408996.html\">https:\/\/www.lemonde.fr\/pixels\/article\/2022\/03\/10\/une-etude-pointe-une-mauvaise-moderation-des-commentaires-sur-facebook-en-france_6116916_4408996.html<\/a><\/p>\n\n\n\n<p>Por Dami\u00e1n Leloup<\/p>\n\n\n\n<h2 class=\"wp-block-heading\">Publicado el 10 de marzo de 2022<\/h2>\n\n\n\n<p>Facebook todav\u00eda acusado de no bloquear los anuncios que contienen lenguaje de \u00ab\u00a0odio\u00a0\u00bb.<\/p>\n\n\n\n<p>Se dijo que la plataforma de redes sociales con sede en EE. UU., Facebook, no detect\u00f3 ni bloque\u00f3 los anuncios que conten\u00edan discursos de odio.<\/p>\n\n\n\n<p>jueves 09 junio 2022, 18:45<br>Dos organizaciones no gubernamentales, \u00ab\u00a0Global Witness\u00a0\u00bb y \u00ab\u00a0Foxglove\u00a0\u00bb, colocaron anuncios en Facebook que conten\u00edan discriminaci\u00f3n \u00e9tnica e incitaci\u00f3n al odio en Etiop\u00eda con fines de prueba.<\/p>\n\n\n\n<p><a href=\"https:\/\/www.cumhuriyet.com.tr\/bilim-teknoloji\/facebook-nefret-soylemi-iceren-reklamlari-engellemede-hala-basaris\u0131zla-suclaniyor-1945464\">https:\/\/www.cumhuriyet.com.tr\/bilim-teknoloji\/facebook-nefret-soylemi-iceren-reklamlari-engellemede-hala-basaris\u0131zla-suclaniyor-1945464<\/a><\/p>\n\n\n\n<hr class=\"wp-block-separator has-alpha-channel-opacity\"\/>\n\n\n\n<p>Facebook, gesto notable antes de las elecciones de Kenia: eliminaci\u00f3n de miles de contenidos da\u00f1inos.<\/p>\n\n\n\n<p>El gigante estadounidense de las redes sociales, Facebook, ha anunciado que ha eliminado miles de contenidos que contienen expresiones de odio y violencia antes de las elecciones previstas para el 9 de agosto en Kenia.<\/p>\n\n\n\n<p>jueves, 21 de julio de 2022, 18:56 h.<br>En el comunicado de Facebook, se indic\u00f3 que hasta finales de abril se eliminaron de Facebook y su Instagram 37.000 publicaciones que promov\u00edan discursos de odio y 42.000 publicaciones que violaban pol\u00edticas de violencia e incitaci\u00f3n.<\/p>\n\n\n\n<p><a href=\"https:\/\/www.cumhuriyet.com.tr\/dunya\/facebook-kenya-secimleri-oncesi-dikkat-ceken-hamle-binlenen-zararli-icerigi-kaldirdi-1960635\">https:\/\/www.cumhuriyet.com.tr\/dunya\/facebook-kenya-secimleri-oncesi-dikkat-ceken-hamle-binlenen-zararli-icerigi-kaldirdi-1960635<\/a><\/p>\n","protected":false},"excerpt":{"rendered":"<p>Cierra las p\u00e1ginas del grupo de trabajo como le parece. Respeto a la propiedad intelectual NO RESPETO. Sin reglas, o reglas incomprensibles, la asociaci\u00f3n de consumidores francesa gana en Justicia contra Facebook. Australia: acusan&#46;&#46;&#46;<\/p>\n","protected":false},"author":1,"featured_media":0,"comment_status":"open","ping_status":"open","sticky":false,"template":"","format":"standard","meta":{"footnotes":""},"categories":[11],"tags":[],"yst_prominent_words":[],"class_list":["post-2971","post","type-post","status-publish","format-standard","hentry","category-non-classe-es"],"lang":"es","translations":{"fr":2965,"tr":2961,"en":2969,"es":2971,"de":2973},"pll_sync_post":[],"_links":{"self":[{"href":"https:\/\/turkey-zero-pollution.com\/index.php?rest_route=\/wp\/v2\/posts\/2971","targetHints":{"allow":["GET"]}}],"collection":[{"href":"https:\/\/turkey-zero-pollution.com\/index.php?rest_route=\/wp\/v2\/posts"}],"about":[{"href":"https:\/\/turkey-zero-pollution.com\/index.php?rest_route=\/wp\/v2\/types\/post"}],"author":[{"embeddable":true,"href":"https:\/\/turkey-zero-pollution.com\/index.php?rest_route=\/wp\/v2\/users\/1"}],"replies":[{"embeddable":true,"href":"https:\/\/turkey-zero-pollution.com\/index.php?rest_route=%2Fwp%2Fv2%2Fcomments&post=2971"}],"version-history":[{"count":0,"href":"https:\/\/turkey-zero-pollution.com\/index.php?rest_route=\/wp\/v2\/posts\/2971\/revisions"}],"wp:attachment":[{"href":"https:\/\/turkey-zero-pollution.com\/index.php?rest_route=%2Fwp%2Fv2%2Fmedia&parent=2971"}],"wp:term":[{"taxonomy":"category","embeddable":true,"href":"https:\/\/turkey-zero-pollution.com\/index.php?rest_route=%2Fwp%2Fv2%2Fcategories&post=2971"},{"taxonomy":"post_tag","embeddable":true,"href":"https:\/\/turkey-zero-pollution.com\/index.php?rest_route=%2Fwp%2Fv2%2Ftags&post=2971"},{"taxonomy":"yst_prominent_words","embeddable":true,"href":"https:\/\/turkey-zero-pollution.com\/index.php?rest_route=%2Fwp%2Fv2%2Fyst_prominent_words&post=2971"}],"curies":[{"name":"wp","href":"https:\/\/api.w.org\/{rel}","templated":true}]}}