{"id":2929,"date":"2022-07-14T23:07:29","date_gmt":"2022-07-14T22:07:29","guid":{"rendered":"https:\/\/turkey-zero-pollution.com\/?p=2929"},"modified":"2022-07-14T23:09:45","modified_gmt":"2022-07-14T22:09:45","slug":"mucevher-markasi-bulgari-cete-mehmet-cengiz-insaat-ile-bodrum-paradis-plage-oldurecek","status":"publish","type":"post","link":"https:\/\/turkey-zero-pollution.com\/?p=2929","title":{"rendered":"M\u00fccevher markas\u0131 BULGARI , \u00c7ete Mehmet Cengiz Insaat ile Bodrum Paradis plage \u00f6ld\u00fcrecek"},"content":{"rendered":"\n<p>Son d\u00f6nemde Sedat Peker\u2019in iddialar\u0131 ile g\u00fcndemden d\u00fc\u015fmeyen i\u015f insan\u0131 Mehmet Cengiz, Bodrum Cennet Koyu\u2019ndaki yeni projesi i\u00e7in turizm yat\u0131r\u0131mlar\u0131 da bulunan \u00fcnl\u00fc m\u00fccevher markas\u0131 Bulgari ile el s\u0131k\u0131\u015ft\u0131.<br>ANLA\u015eMA YAKINDA DUYURULACAK<\/p>\n\n\n\n<p>S\u00f6zc\u00fc gazetesinden \u0130smail \u015eahin&rsquo;in haberine g\u00f6re; \u00d6zelle\u015ftirme \u0130daresi\u2019nden sat\u0131n ald\u0131\u011f\u0131 678 bin metrekarelik arazide in\u015faata ba\u015flayacak olan Cengiz \u0130n\u015faat, yakla\u015f\u0131k 100 villa ve Bulgari\u2019nin<\/p>\n\n\n\n<p><a href=\"https:\/\/www.bulgarihotels.com\/\">https:\/\/www.bulgarihotels.com\/<\/a><\/p>\n\n\n<div class=\"wp-block-image\">\n<figure class=\"aligncenter size-large\"><a href=\"https:\/\/turkey-zero-pollution.com\/wp-content\/uploads\/2022\/07\/WhatsApp-Image-2022-07-14-at-22.39.10.jpeg\"><img fetchpriority=\"high\" decoding=\"async\" width=\"1024\" height=\"498\" src=\"https:\/\/turkey-zero-pollution.com\/wp-content\/uploads\/2022\/07\/WhatsApp-Image-2022-07-14-at-22.39.10-1024x498.jpeg\" alt=\"\" class=\"wp-image-2931\" srcset=\"https:\/\/turkey-zero-pollution.com\/wp-content\/uploads\/2022\/07\/WhatsApp-Image-2022-07-14-at-22.39.10-1024x498.jpeg 1024w, https:\/\/turkey-zero-pollution.com\/wp-content\/uploads\/2022\/07\/WhatsApp-Image-2022-07-14-at-22.39.10-300x146.jpeg 300w, https:\/\/turkey-zero-pollution.com\/wp-content\/uploads\/2022\/07\/WhatsApp-Image-2022-07-14-at-22.39.10-768x373.jpeg 768w, https:\/\/turkey-zero-pollution.com\/wp-content\/uploads\/2022\/07\/WhatsApp-Image-2022-07-14-at-22.39.10-1536x747.jpeg 1536w, https:\/\/turkey-zero-pollution.com\/wp-content\/uploads\/2022\/07\/WhatsApp-Image-2022-07-14-at-22.39.10.jpeg 1600w\" sizes=\"(max-width: 1024px) 100vw, 1024px\" \/><\/a><\/figure><\/div>\n\n\n<p>i\u015fletece\u011fi bir otel in\u015fa edecek. T\u00fcrkiye\u2019deki ilk oteli i\u00e7in Bodrum\u2019u se\u00e7en Bulgari\u2019nin Cengiz \u0130n\u015faat ile yapt\u0131\u011f\u0131 anla\u015fmay\u0131 bu ay sonuna kadar duyurmas\u0131 bekleniyor.<\/p>\n\n\n\n<p><a href=\"https:\/\/www.cumhuriyet.com.tr\/amp\/ekonomi\/mehmet-cengiz-bodrum-cennet-koyunda-projeye-basliyor-1957204\">https:\/\/www.cumhuriyet.com.tr\/amp\/ekonomi\/mehmet-cengiz-bodrum-cennet-koyunda-projeye-basliyor-1957204<\/a><\/p>\n\n\n\n<hr class=\"wp-block-separator has-alpha-channel-opacity\"\/>\n\n\n\n<p>CHP Mersin Milletvekili Ali Mahir Ba\u015far\u0131r, Cumhuriyet TV\u2018ye yapt\u0131\u011f\u0131 a\u00e7\u0131klamada Bodrum Cennet Koyu\u2019nda villa ve otel in\u015faat\u0131na ba\u015flayan Cengiz \u0130n\u015faat\u2019a sert tepki g\u00f6sterdi.<\/p>\n\n\n\n<p>Mu\u011fla\u2019n\u0131n Bodrum il\u00e7esindeki Cennet Koyu\u2019nda yer alan 678 bin metrekarelik araziyi \u00d6zelle\u015ftirme \u0130daresi\u2019nden sat\u0131n alan Cengiz \u0130n\u015faat, villa ve otel in\u015faat\u0131na ba\u015fl\u0131yor.<\/p>\n\n\n\n<p>Nisan ay\u0131nda TBMM Genel Kurulu\u2019nda g\u00f6r\u00fc\u015f\u00fclmekte olan Hazineye Ait Ta\u015f\u0131nmazlar\u0131n De\u011ferlendirilmesi ve KDV Kanunu\u2019nda De\u011fi\u015fiklik Yap\u0131lmas\u0131 Hakk\u0131nda Kanun Teklifi \u00fczerine konu\u015fma yapan Ba\u015far\u0131r, k\u00fcrs\u00fcden AKP iktidar\u0131na seslenerek \u201cCengiz \u0130n\u015faat saray\u0131n silueti, saray\u0131n izd\u00fc\u015f\u00fcm\u00fc, saray\u0131n \u015fubesi\u201d demi\u015fti.<\/p>\n\n\n\n<p>\u2018SERMAYEYE A\u015eIK \u0130KT\u0130DAR\u2019<\/p>\n\n\n\n<h2 class=\"wp-block-heading\">https:\/\/www.turizmgunlugu.com\/2022\/07\/13\/cengiz-insaat-ve-bulgari-otel-bodrum\/amp\/<\/h2>\n\n\n\n<p>Dogal sit alan\u0131 olan yerden g\u00f6r\u00fcnt\u00fcler\u2026<\/p>\n\n\n\n<figure class=\"wp-block-embed is-type-video is-provider-youtube wp-block-embed-youtube wp-embed-aspect-16-9 wp-has-aspect-ratio\"><div class=\"wp-block-embed__wrapper\">\n<div class=\"video-container\"><iframe title=\"Cennet Koyu Bodrum | Muhte\u015fem G\u00f6r\u00fcnt\u00fcler\" width=\"500\" height=\"281\" src=\"https:\/\/www.youtube.com\/embed\/Tv9ZfHcwTCw?feature=oembed&#038;wmode=opaque\" frameborder=\"0\" allow=\"accelerometer; autoplay; clipboard-write; encrypted-media; gyroscope; picture-in-picture; web-share\" referrerpolicy=\"strict-origin-when-cross-origin\" allowfullscreen><\/iframe><\/div>\n<\/div><\/figure>\n","protected":false},"excerpt":{"rendered":"<p>Son d\u00f6nemde Sedat Peker\u2019in iddialar\u0131 ile g\u00fcndemden d\u00fc\u015fmeyen i\u015f insan\u0131 Mehmet Cengiz, Bodrum Cennet Koyu\u2019ndaki yeni projesi i\u00e7in turizm yat\u0131r\u0131mlar\u0131 da bulunan \u00fcnl\u00fc m\u00fccevher markas\u0131 Bulgari ile el s\u0131k\u0131\u015ft\u0131.ANLA\u015eMA YAKINDA DUYURULACAK S\u00f6zc\u00fc gazetesinden \u0130smail&#46;&#46;&#46;<\/p>\n","protected":false},"author":1,"featured_media":0,"comment_status":"open","ping_status":"open","sticky":false,"template":"","format":"standard","meta":{"footnotes":""},"categories":[1],"tags":[],"yst_prominent_words":[],"class_list":["post-2929","post","type-post","status-publish","format-standard","hentry","category-non-classe"],"lang":"tr","translations":{"fr":2933,"tr":2929,"es":2936,"en":2938,"de":2941},"pll_sync_post":[],"_links":{"self":[{"href":"https:\/\/turkey-zero-pollution.com\/index.php?rest_route=\/wp\/v2\/posts\/2929","targetHints":{"allow":["GET"]}}],"collection":[{"href":"https:\/\/turkey-zero-pollution.com\/index.php?rest_route=\/wp\/v2\/posts"}],"about":[{"href":"https:\/\/turkey-zero-pollution.com\/index.php?rest_route=\/wp\/v2\/types\/post"}],"author":[{"embeddable":true,"href":"https:\/\/turkey-zero-pollution.com\/index.php?rest_route=\/wp\/v2\/users\/1"}],"replies":[{"embeddable":true,"href":"https:\/\/turkey-zero-pollution.com\/index.php?rest_route=%2Fwp%2Fv2%2Fcomments&post=2929"}],"version-history":[{"count":0,"href":"https:\/\/turkey-zero-pollution.com\/index.php?rest_route=\/wp\/v2\/posts\/2929\/revisions"}],"wp:attachment":[{"href":"https:\/\/turkey-zero-pollution.com\/index.php?rest_route=%2Fwp%2Fv2%2Fmedia&parent=2929"}],"wp:term":[{"taxonomy":"category","embeddable":true,"href":"https:\/\/turkey-zero-pollution.com\/index.php?rest_route=%2Fwp%2Fv2%2Fcategories&post=2929"},{"taxonomy":"post_tag","embeddable":true,"href":"https:\/\/turkey-zero-pollution.com\/index.php?rest_route=%2Fwp%2Fv2%2Ftags&post=2929"},{"taxonomy":"yst_prominent_words","embeddable":true,"href":"https:\/\/turkey-zero-pollution.com\/index.php?rest_route=%2Fwp%2Fv2%2Fyst_prominent_words&post=2929"}],"curies":[{"name":"wp","href":"https:\/\/api.w.org\/{rel}","templated":true}]}}