{"id":2855,"date":"2022-05-15T20:47:04","date_gmt":"2022-05-15T19:47:04","guid":{"rendered":"https:\/\/turkey-zero-pollution.com\/?p=2855"},"modified":"2022-05-15T20:47:08","modified_gmt":"2022-05-15T19:47:08","slug":"sadat-ve-veya-feto","status":"publish","type":"post","link":"https:\/\/turkey-zero-pollution.com\/?p=2855","title":{"rendered":"SADAT ve\/veya FET\u00d6"},"content":{"rendered":"\n<h1 class=\"wp-block-heading\">Sadat hakk\u0131ndaki iddialar\u0131n perde arkas\u0131nda neler var?<\/h1>\n\n\n\n<p>Devletin me\u015fru \u015fiddet tekelinin, dolay\u0131s\u0131yla demokratik denetim mekanizmalar\u0131n\u0131n d\u0131\u015f\u0131nda bir askeri kapasitenin olu\u015fmu\u015f olmas\u0131 ihtimali, Sadat ile ilgili kayg\u0131lar\u0131 besliyor.<\/p>\n\n\n\n<hr class=\"wp-block-separator\"\/>\n\n\n\n<p>15\/06\/2021 10:20\u2022 14 dk<a href=\"https:\/\/teyit.org\/detayli-arama?author_id=57&amp;page=1\"> Be\u015fire Korkmaz Teyit\u00e7i<\/a><\/p>\n\n\n\n<figure class=\"wp-block-image\"><img decoding=\"async\" src=\"https:\/\/teyit.org\/img\/anasayfa\/dosya-logo.svg\" alt=\"DOSYA\"\/><\/figure>\n\n\n\n<figure class=\"wp-block-image\"><img decoding=\"async\" src=\"https:\/\/md.teyit.org\/img\/dosya-sadat-hakkindaki-iddialar.png\" alt=\"Sadat hakk\u0131ndaki iddialar\u0131n perde arkas\u0131nda neler var? \"\/><\/figure>\n\n\n\n<p><a href=\"https:\/\/teyit.org\/detayli-arama?post_type=Dosya&amp;sort=newest\"><\/a><\/p>\n\n\n\n<p>Cumhuriyet Halk Partisi Genel Ba\u015fkan\u0131 Kemal K\u0131l\u0131\u00e7daro\u011flu \u00ab\u00a0paramiliter bir kurum\u00a0\u00bb olarak tan\u0131mlad\u0131\u011f\u0131 Sadat&rsquo;\u0131n merkezinin \u00f6n\u00fcne giderek, kurumun yakla\u015fan se\u00e7imlerin g\u00fcvenli\u011fini tehdit edebilece\u011fini <a href=\"https:\/\/archive.ph\/wip\/YqkKg\" target=\"_blank\" rel=\"noreferrer noopener\">s\u00f6yledi<\/a>.<\/p>\n\n\n\n<p>Sadat daha \u00f6nce de organize su\u00e7 \u00f6rg\u00fct\u00fc lideri olmakla su\u00e7lanan Sedat Peker&rsquo;in videolar\u0131yla birlikte g\u00fcndeme gelmi\u015fti. Peker, 30 May\u0131s 2021 tarihinde yay\u0131nlanan sekizinci videosunun 50. dakikas\u0131ndan itibaren kendisiyle birlikte Sadat adl\u0131 kurulu\u015fun da Suriye\u2019ye silah sevk etti\u011fini, silahlar\u0131n El Kaide\u2019nin Suriye\u2019deki kolu El Nusra \u00d6rg\u00fct\u00fc\u2019ne g\u00f6nderildi\u011fini <a href=\"https:\/\/archive.is\/Yp2k2\" target=\"_blank\" rel=\"noreferrer noopener\">iddia etmi\u015fti.<\/a>\u00a0<\/p>\n\n\n\n\n\n\n\n<p><a href=\"https:\/\/teyit.org\/dosya-sadat-hakkindaki-iddialar\">https:\/\/teyit.org\/dosya-sadat-hakkindaki-iddialar<\/a><\/p>\n\n\n\n\n\n\n\n<h2 class=\"wp-block-heading\"><strong>Sadat nedir?<\/strong><\/h2>\n\n\n\n<p>Sadat, k\u00e2r amac\u0131 g\u00fcden \u00f6zel bir askeri \u015firket. 8015 say\u0131l\u0131 Ticaret Sicil Gazetesi\u2019nde yer alan bilgiye g\u00f6re Sadat, (Uluslararas\u0131 Savunma Dan\u0131\u015fmanl\u0131k \u0130n\u015faat Sanayi ve Ticaret A.\u015e) 28 \u015eubat 2012\u2019de <a href=\"https:\/\/archive.is\/cIdSx\" target=\"_blank\" rel=\"noreferrer noopener\">kurulmu\u015f.<\/a> Sadat, 28 \u015eubat s\u00fcrecinde \u201cirticai faaliyetler\u201d gerek\u00e7esiyle emekliye sevk edilen tu\u011fgeneral Adnan Tanr\u0131verdi ve 22 ki\u015fi taraf\u0131ndan kurulan bir \u015firket.\u00a0<\/p>\n\n\n\n\n\n\n\n<h2 class=\"wp-block-heading\">BU KONU \u00c7OK SICAK OLDUGU \u0130\u00c7\u0130N , KONUYU B\u0130RDEN FAZLA MAKALEDEN ALIP YAYINLIYORUZ.<\/h2>\n\n\n\n<h2 class=\"wp-block-heading\">B\u00d6YLE YAPILAR , SADAT, TIPKI FET\u00d6 OLDUGU G\u0130B\u0130, DEMOKRAS\u0130 \u00dcLKELER\u0130 \u0130\u00c7\u0130N \u00c7OK TEHL\u0130KEL\u0130.<\/h2>\n\n\n\n<p><a href=\"https:\/\/www.cumhuriyet.com.tr\/amp\/turkiye\/kilicdaroglunun-sadat-baskini-sosyal-medyanin-gundeminde-paramiliter-bir-kurulustur-1935846\">https:\/\/www.cumhuriyet.com.tr\/amp\/turkiye\/kilicdaroglunun-sadat-baskini-sosyal-medyanin-gundeminde-paramiliter-bir-kurulustur-1935846<\/a><\/p>\n\n\n\n<p>Burada bir a\u00e7\u0131klama yapan CHP lideri, \u00ab\u00a0\u00d6n\u00fcnde bulundu\u011fumuz SADAT paramiliter bir kurulu\u015ftur\u2026 Buras\u0131 ter\u00f6rist yeti\u015ftiren bir kurumdur\u00a0\u00bb diye konu\u015fmu\u015ftu. Se\u00e7im g\u00fcvenli\u011finin \u00f6nemli oldu\u011funu vurgulayan K\u0131l\u0131\u00e7daro\u011flu, \u00ab\u00a0Se\u00e7imi g\u00f6lgeleyecek, se\u00e7imin g\u00fcvenli\u011fi sarsacak herhangi bir \u015fey olursa sorumlusu buras\u0131d\u0131r ve Saray&rsquo;d\u0131r\u00a0\u00bb ifadelerini kullanm\u0131\u015ft\u0131.<\/p>\n\n\n\n\n\n\n\n<p><a href=\"https:\/\/raillynews.com\/2022\/05\/what-is-sadat-what-is-sadat-what-does-it-mean\/\">https:\/\/raillynews.com\/2022\/05\/what-is-sadat-what-is-sadat-what-does-it-mean\/<\/a><\/p>\n\n\n\n\n\n\n\n<p>\u0130NG\u0130L\u0130ZCE B\u0130R MAKALE OKUMAK \u0130ST\u0130YENE<\/p>\n\n\n\n\n\n\n\n<p><a href=\"https:\/\/www.cumhuriyet.com.tr\/amp\/turkiye\/sedat-pekerden-sadat-paylasimi-1935806\">https:\/\/www.cumhuriyet.com.tr\/amp\/turkiye\/sedat-pekerden-sadat-paylasimi-1935806<\/a><\/p>\n\n\n\n\n\n\n\n<p><strong>Peker&rsquo;in payla\u015ft\u0131\u011f\u0131 eski tweet dizisi \u015f\u00f6yleydi:<\/strong><\/p>\n\n\n\n<ul class=\"wp-block-list\"><li>\u00ab\u00a0(SADAT) dosyas\u0131 di\u011fer dosyalar\u0131n hepsinden \u00e7ok daha \u00f6nemli. \u00c7\u00fcnk\u00fc \u00fclke i\u00e7in planlanan en karanl\u0131k i\u015flerin uygulay\u0131c\u0131s\u0131 olmu\u015f ve olacak ki\u015filer bu yap\u0131n\u0131n i\u00e7inde yer almaktad\u0131r. E\u011fer gerekli g\u00fcndemi olu\u015fturursan\u0131z g\u00f6z\u00fcne far tutulmu\u015f tav\u015fan gibi etkisiz hale gelmelerini sa\u011flayabilirsiniz. Kamuoyunun \u00f6n\u00fcnde devaml\u0131 tart\u0131\u015f\u0131lan hi\u00e7bir yap\u0131 faili me\u00e7hul cinayet ya da kaos \u00e7\u0131karmak gibi bir \u015feye cesaret edemez (Karde\u015flerim tecr\u00fcbe konu\u015fuyor bana inan\u0131n). Benim a\u00e7\u0131klamalar\u0131mdan sonra \u00f6rg\u00fctl\u00fc olarak hareket etmediklerini kan\u0131tlamak i\u00e7in hem SADAT&rsquo;\u0131n kurucusu Adnan Tanr\u0131verdi hem de Nevzat Tarhan a\u00e7\u0131klamalar yapt\u0131lar, Nevzat Tarhan\u2019\u0131n SADAT&rsquo;la hi\u00e7bir ilgisinin olmad\u0131\u011f\u0131na dair. Sadece arkada\u015flarm\u0131\u015f. Yay\u0131nlad\u0131\u011f\u0131m bu evrak Nevzat Tarhan\u2019\u0131n SADAT&rsquo;\u0131n hissedar\u0131 oldu\u011funun resmi belgesidir.<br><\/li><li>Ancak SADAT&rsquo;la ilgili ben a\u00e7\u0131klamalar yapmaya ba\u015flay\u0131nca Nevzat Tarhan hisselerini SADAT&rsquo;\u0131n Ba\u015fkan\u0131 Adnan Tanr\u0131verdi\u2019ye sat\u0131yor. Yani yine hileye ba\u015fvuruyorlar.<br><\/li><li>\u0130slami ter\u00f6r \u00f6rg\u00fctlerini nas\u0131l e\u011fittikleri ve de nas\u0131l haks\u0131z gelirler elde ettikleri, yapt\u0131klar\u0131 h\u0131rs\u0131zl\u0131klara dair. Onlar\u0131 \u00f6yle bir g\u00f6z hapsine alaca\u011f\u0131z ki muktedirlerin i\u015fine gelecek kaos \u00e7\u0131karma planlar\u0131ndan vazge\u00e7mek zorunda kalacaklar. Hazreti Mehdi\u2019yi bekleyen, onun gelece\u011fi g\u00fcne haz\u0131rl\u0131k yapan bu yap\u0131n\u0131n esas amac\u0131 saf temiz M\u00fcsl\u00fcmanlar\u0131 kullanmakt\u0131r. Gerekirse onlar\u0131 bir \u00f6l\u00fcm makinesi haline getirmektir. Bu anlatt\u0131klar\u0131m masal de\u011fil.<br><\/li><li>\u0130dlib\u2019deki radikal \u0130slami ter\u00f6r gruplar\u0131yla ba\u011flar\u0131na \u00e7ok ufak ara\u015ft\u0131rmalarla ula\u015fabilirsiniz. Dedi\u011fim gibi, bu konuyu ciddi olarak ele alman\u0131z laz\u0131m. Kaytarmak yok. SADAT isimli yap\u0131n\u0131n T\u00fcrkiye\u2019deki baz\u0131 dini cemaatler ve bas\u0131n kurulu\u015flar\u0131yla da \u00f6rg\u00fctsel faaliyetler i\u00e7erisinde oldu\u011funu g\u00f6rece\u011fiz. Bu konulara da \u00f6n\u00fcm\u00fczdeki g\u00fcnlerde \u00e7ok\u00e7a de\u011finece\u011fiz.<br><\/li><li>SADAT&rsquo;\u0131n durumu farkl\u0131 \u00e7\u00fcnk\u00fc bunlar\u0131n elinde \u00e7ok\u00e7a silah var. Bu y\u00fczden s\u0131k\u0131lmadan bunlar\u0131 takip edip \u00fczerlerinde durmak laz\u0131m. Yurt d\u0131\u015f\u0131nda ya\u015fayan baz\u0131 ki\u015filere suikast yap\u0131lmas\u0131 fikri yeni de\u011fil, 4-5 senelik bir konu.<\/li><\/ul>\n\n\n\n<hr class=\"wp-block-separator\"\/>\n\n\n\n<h1 class=\"wp-block-heading\">Bildi\u011finiz SADAT ve Bilmedi\u011finiz SADAT<\/h1>\n\n\n\n<p>Yazar <a href=\"https:\/\/ocakmedya.com\/author\/serkanyildiz\/\">Serkan Y\u0131ld\u0131z<\/a> &#8211; 14 May\u0131s 2022 <a href=\"https:\/\/ocakmedya.com\/bildiginiz-sadat-ve-bilmediginiz-sadat\/#comments\">7<\/a><a href=\"https:\/\/www.facebook.com\/sharer.php?u=https%3A%2F%2Focakmedya.com%2Fbildiginiz-sadat-ve-bilmediginiz-sadat%2F\"><\/a><a href=\"https:\/\/twitter.com\/intent\/tweet?text=Bildi%C4%9Finiz+SADAT+ve+Bilmedi%C4%9Finiz+SADAT&amp;url=https%3A%2F%2Focakmedya.com%2Fbildiginiz-sadat-ve-bilmediginiz-sadat%2F&amp;via=Ocak+Medya\"><\/a><a href=\"https:\/\/pinterest.com\/pin\/create\/button\/?url=https:\/\/ocakmedya.com\/bildiginiz-sadat-ve-bilmediginiz-sadat\/&amp;media=https:\/\/ocakmedya.com\/wp-content\/uploads\/2022\/05\/15925139250.jpg&amp;description=Bildi%C4%9Finiz+SADAT+ve+Bilmedi%C4%9Finiz+SADAT\"><\/a><a href=\"https:\/\/api.whatsapp.com\/send?text=Bildi%C4%9Finiz+SADAT+ve+Bilmedi%C4%9Finiz+SADAT %0A%0A https:\/\/ocakmedya.com\/bildiginiz-sadat-ve-bilmediginiz-sadat\/\"><\/a><\/p>\n\n\n\n<figure class=\"wp-block-image\"><a href=\"https:\/\/ocakmedya.com\/wp-content\/uploads\/2022\/05\/15925139250.jpg\"><img decoding=\"async\" src=\"https:\/\/ocakmedya.com\/wp-content\/uploads\/2022\/05\/15925139250.jpg\" alt=\"\" title=\"15925139250\"\/><\/a><\/figure>\n\n\n\n\n\n\n\n<p>D\u00fcn \u00f6\u011flenden sonra \u015firket merkezin \u00f6n\u00fcnde, Kemal K\u0131l\u0131\u00e7daro\u011flu\u2019nun a\u00e7\u0131klama yapmas\u0131yla tekrar g\u00fcndeme geldi&nbsp;<strong>SADAT<\/strong>\u2026 Tabii ki, her zamanki gibi Bay Kemal yine i\u015fin \u015fovundayd\u0131 hatta bu sefer gereksiz&nbsp;<em>\u201cparanoyalarla<\/em>\u201d i\u015fi iyice abartm\u0131\u015fa benziyordu. Bir E\u011fitim ve Dan\u0131\u015fmanl\u0131k \u015firketi nas\u0131l olurda se\u00e7imlerde ortal\u0131\u011f\u0131 kar\u0131\u015ft\u0131rabilir ki? \u0130nsan\u0131n akl\u0131 alm\u0131yor sahiden\u2026 Bunlar hep; paranoya i\u015fte\u2026<\/p>\n\n\n\n<p><strong>SADAT<\/strong>\u2019\u0131n misyonu \u2013 vizyonu ya da kurulu\u015fuyla ilgili her isteyen resmi internet sitelerine girip okuyabilir, bilgi sahibi olabilir. (&nbsp;<a href=\"https:\/\/www.sadat.com.tr\/tr\/\">https:\/\/www.sadat.com.tr\/tr\/<\/a>&nbsp;) Bu y\u00fczden burada, o yaz\u0131lanlar\u0131 tekrar etmek kimseye bir \u015fey kazand\u0131rmayacakt\u0131r.&nbsp;<\/p>\n\n\n\n<p>Bilmeyenler i\u00e7in ise birka\u00e7 c\u00fcmle yazal\u0131m; SADAT; Bir askeri e\u011fitim ve dan\u0131\u015fmanl\u0131k \u015firketidir. Askeri d\u00fczeyde personel e\u011fitim sonras\u0131 baz\u0131 s\u0131navlar sonucunda kursiyerlerine sertifika verir. \u00d6nemli k\u0131s\u0131m burada; Ne sertifikas\u0131d\u0131r bu?&nbsp;<em>\u201cGayri Nizami Harp Uzman\u0131 Sertifikas\u0131\u201d<\/em>&nbsp;Gururla duvara asabilece\u011finiz bir \u015fey de\u011fil yani. Ast\u0131\u011f\u0131n\u0131zda ise bir\u00e7ok soruyla kar\u015f\u0131la\u015f\u0131rs\u0131n\u0131z ve en dikkat \u00e7ekici soru \u015fu olacakt\u0131r; \u201cHay\u0131rd\u0131r?\u201d Ne cevap verirseniz verin art\u0131k\u2026<\/p>\n\n\n\n<p>\u0130\u015fte SADAT\u2019\u0131n en temel i\u015fi \u2013 i\u015flevi ve g\u00f6revi budur; \u201cGayri Nizami Harp Uzmanlar\u0131\u201d yeti\u015ftirmek.&nbsp;<\/p>\n\n\n\n<p>Belli bir kurslar ve kurs sonlar\u0131nda yap\u0131lan bir dizi test \/ s\u0131navlar sonucunda tabii \u00f6yle her paray\u0131 basana vermiyorlar yani\u2026 Buray\u0131 \u00f6zel \u0130ngilizce kursu mu sand\u0131n\u0131z? Yok \u00f6yle\u2026<\/p>\n\n\n\n<p>Bu kurslarda neler vard\u0131r peki; \u00d6ncelikle ana kurs paketleri mevcut. Sonra onun alt\u0131nda alaca\u011f\u0131n\u0131z e\u011fitimler de\u011fi\u015fiyor; Ana kurs paketleri nelerdir peki?&nbsp;<\/p>\n\n\n\n<p>En \u00e7ok ra\u011fbet g\u00f6ren&nbsp;<em>\u201cGayri Nizami Harp\u201d<\/em>&nbsp;ve hemen ard\u0131ndan&nbsp;<em>\u201cKeskin Ni\u015fanc\u0131l\u0131k\u201d<\/em>&nbsp;geliyor.&nbsp;<\/p>\n\n\n\n<p>S\u0131ras\u0131yla;&nbsp;<em>\u201cKoruma \/ VIP Koruma\u201d<\/em>&nbsp;,&nbsp;<em>\u201cTahrip\u201d<\/em>&nbsp;,&nbsp;<em>\u201c\u0130leri Avc\u0131 Kolu D\u00fczeninde Muharebe\u201d&nbsp;<\/em>,&nbsp;<em>\u201cTop\u00e7u ve Havan \u0130leri G\u00f6zetleyicilik\u201d<\/em>&nbsp;ve&nbsp;<em>\u201cTank \/ ZPT (Z\u0131rhl\u0131 Personel Ta\u015f\u0131y\u0131c\u0131) ve di\u011fer Z\u0131rhl\u0131 Ara\u00e7 Avc\u0131l\u0131\u011f\u0131 \/ Muharebe Teknikleri\u201d.&nbsp;<\/em><\/p>\n\n\n\n<p>Yani gidip SADAT\u2019a \u00fccretini \u00f6dedikten sonra bu paketlerden birini se\u00e7ip e\u011fitimlere ba\u015flayabilirsiniz. Sak\u0131n;&nbsp;<em>\u201c\u0130leri Avc\u0131 Kolu D\u00fczeninde Muhabere\u201d benim i\u015fime yarayacak?\u201d<\/em>&nbsp;demeyin.&nbsp;<\/p>\n","protected":false},"excerpt":{"rendered":"<p>Sadat hakk\u0131ndaki iddialar\u0131n perde arkas\u0131nda neler var? Devletin me\u015fru \u015fiddet tekelinin, dolay\u0131s\u0131yla demokratik denetim mekanizmalar\u0131n\u0131n d\u0131\u015f\u0131nda bir askeri kapasitenin olu\u015fmu\u015f olmas\u0131 ihtimali, Sadat ile ilgili kayg\u0131lar\u0131 besliyor. 15\/06\/2021 10:20\u2022 14 dk Be\u015fire Korkmaz Teyit\u00e7i&#46;&#46;&#46;<\/p>\n","protected":false},"author":1,"featured_media":0,"comment_status":"open","ping_status":"open","sticky":false,"template":"","format":"standard","meta":{"footnotes":""},"categories":[1],"tags":[],"yst_prominent_words":[],"class_list":["post-2855","post","type-post","status-publish","format-standard","hentry","category-non-classe"],"lang":"tr","translations":{"fr":2858,"tr":2855,"en":2860,"de":2862,"es":2864},"pll_sync_post":[],"_links":{"self":[{"href":"https:\/\/turkey-zero-pollution.com\/index.php?rest_route=\/wp\/v2\/posts\/2855","targetHints":{"allow":["GET"]}}],"collection":[{"href":"https:\/\/turkey-zero-pollution.com\/index.php?rest_route=\/wp\/v2\/posts"}],"about":[{"href":"https:\/\/turkey-zero-pollution.com\/index.php?rest_route=\/wp\/v2\/types\/post"}],"author":[{"embeddable":true,"href":"https:\/\/turkey-zero-pollution.com\/index.php?rest_route=\/wp\/v2\/users\/1"}],"replies":[{"embeddable":true,"href":"https:\/\/turkey-zero-pollution.com\/index.php?rest_route=%2Fwp%2Fv2%2Fcomments&post=2855"}],"version-history":[{"count":0,"href":"https:\/\/turkey-zero-pollution.com\/index.php?rest_route=\/wp\/v2\/posts\/2855\/revisions"}],"wp:attachment":[{"href":"https:\/\/turkey-zero-pollution.com\/index.php?rest_route=%2Fwp%2Fv2%2Fmedia&parent=2855"}],"wp:term":[{"taxonomy":"category","embeddable":true,"href":"https:\/\/turkey-zero-pollution.com\/index.php?rest_route=%2Fwp%2Fv2%2Fcategories&post=2855"},{"taxonomy":"post_tag","embeddable":true,"href":"https:\/\/turkey-zero-pollution.com\/index.php?rest_route=%2Fwp%2Fv2%2Ftags&post=2855"},{"taxonomy":"yst_prominent_words","embeddable":true,"href":"https:\/\/turkey-zero-pollution.com\/index.php?rest_route=%2Fwp%2Fv2%2Fyst_prominent_words&post=2855"}],"curies":[{"name":"wp","href":"https:\/\/api.w.org\/{rel}","templated":true}]}}