{"id":2764,"date":"2022-04-18T01:35:13","date_gmt":"2022-04-18T00:35:13","guid":{"rendered":"https:\/\/turkey-zero-pollution.com\/?p=2764"},"modified":"2022-04-18T10:24:05","modified_gmt":"2022-04-18T09:24:05","slug":"www-ssrmining-com-anagold-madencilik","status":"publish","type":"post","link":"https:\/\/turkey-zero-pollution.com\/?p=2764","title":{"rendered":"www.ssrmining..com (Anagold Madencilik)"},"content":{"rendered":"\n<p>www.ssrmining.com (Anagold Madencilik)<\/p>\n\n\n\n<p>2000 y\u0131l\u0131nda kurulmu\u015f ve SSR Madencilik (www.ssrmining.com) ile Lidya Madencilik (www.lidyamadencilik.com) aras\u0131nda bir ortak giri\u015fimdir.<\/p>\n\n\n\n<p><br>http:\/\/www.anagold.com.tr\/company\/company_profile.html<\/p>\n\n\n\n<p>ULUSLARARASI HUKUKLARIN VE T\u00dcRK HUKUKLARININ DE \u0130HLAL\u0130&rsquo;ni birka\u00e7 yaz\u0131da a\u00e7\u0131klamaya \u00e7al\u0131\u015faca\u011f\u0131z.<\/p>\n\n\n\n<p>\u00d6ncelikle Ocak 2022&rsquo;den beri mail yoluyla ileti\u015fim halinde oldu\u011fumuzu belirtmek isterim. Takipsiz ve her \u015feyden \u00f6nce 2582 sayfal\u0131k bir dosya ile, hi\u00e7bir de\u011fer temeli olmadan.<br>Bir \u0130svi\u00e7re firmas\u0131 taraf\u0131ndan Avrupa yasalar\u0131na g\u00f6re \u00e7evre g\u00fcvenli\u011fi denetimi yapmalar\u0131n\u0131 teklif ettik. Cevaps\u0131z. ne i\u00e7in bilmiyorum?<br>T\u00fcrkiye&rsquo;nin MUZ CUMHUR\u0130YET\u0130 olmad\u0131\u011f\u0131n\u0131 hat\u0131rlatmak isterim.<\/p>\n\n\n\n<p>\u015eimdiden baz\u0131 aktivist linkleri ve T\u00dcRK M\u0130LL\u0130 B\u0130LG\u0130LER\u0130 verece\u011fim.<\/p>\n\n\n\n<p><a href=\"https:\/\/www.ciglikmedya.com\/m\/gundem\/sedat-cezayirlioglu-ilic-te-ki-felaketi-gozumuze-soktu-h227.html\">https:\/\/www.ciglikmedya.com\/m\/gundem\/sedat-cezayirlioglu-ilic-te-ki-felaketi-gozumuze-soktu-h227.html<\/a><\/p>\n\n\n\n<p><a href=\"https:\/\/www.birgun.net\/haber\/ilic-ten-firat-a-zehir-akiyor-384155\">https:\/\/www.birgun.net\/haber\/ilic-ten-firat-a-zehir-akiyor-384155<\/a><\/p>\n\n\n\n<figure class=\"wp-block-embed is-type-rich is-provider-twitter wp-block-embed-twitter\"><div class=\"wp-block-embed__wrapper\">\n<blockquote class=\"twitter-tweet\" data-width=\"500\" data-dnt=\"true\"><p lang=\"tr\" dir=\"ltr\">Erzincan \u0130li\u00e7&#39;teki alt\u0131n madeninin siyan\u00fcrl\u00fc at\u0131k baraj\u0131n\u0131n \u00fc\u00e7 kat b\u00fcy\u00fct\u00fclmesi s\u00f6z konusu<br><br>&quot;Siyan\u00fcr havuzlar\u0131 F\u0131rat&#39;\u0131 tehdit ediyor&quot;<br><br>Kapasite art\u0131\u015f\u0131n\u0131 protesto eden ekolojik ya\u015fam savunucular\u0131, siyan\u00fcr havuzlar\u0131n\u0131n \u00c7ernobil kadar tehlikeli oldu\u011funu iddia ediyor <a href=\"https:\/\/twitter.com\/hashtag\/DWHaber?src=hash&amp;ref_src=twsrc%5Etfw\">#DWHaber<\/a> <a href=\"https:\/\/t.co\/l5bAJGyL59\">pic.twitter.com\/l5bAJGyL59<\/a><\/p>&mdash; DW T\u00fcrk\u00e7e (@dw_turkce) <a href=\"https:\/\/twitter.com\/dw_turkce\/status\/1514283773306806278?ref_src=twsrc%5Etfw\">April 13, 2022<\/a><\/blockquote><script async src=\"https:\/\/platform.twitter.com\/widgets.js\" charset=\"utf-8\"><\/script>\n<\/div><\/figure>\n\n\n\n<figure class=\"wp-block-embed is-type-wp-embed is-provider-politika-haber wp-block-embed-politika-haber\"><div class=\"wp-block-embed__wrapper\">\nhttps:\/\/politikahaber.org\/cevreciler-ilic-altin-madeni-kapatilsin-2\/\n<\/div><\/figure>\n\n\n\n<p>Bu ABD ve KANADA \u015firketi, bu kadar y\u00fcksek bir borsa de\u011ferine sahip olmay\u0131 hak etmiyor.<\/p>\n\n\n\n<div class=\"wp-block-image\"><figure class=\"aligncenter size-large\"><a href=\"https:\/\/turkey-zero-pollution.com\/wp-content\/uploads\/2022\/04\/WhatsApp-Image-2022-04-18-at-00.29.061-1.jpeg\"><img fetchpriority=\"high\" decoding=\"async\" width=\"1024\" height=\"768\" src=\"https:\/\/turkey-zero-pollution.com\/wp-content\/uploads\/2022\/04\/WhatsApp-Image-2022-04-18-at-00.29.061-1-1024x768.jpeg\" alt=\"\" class=\"wp-image-2782\" srcset=\"https:\/\/turkey-zero-pollution.com\/wp-content\/uploads\/2022\/04\/WhatsApp-Image-2022-04-18-at-00.29.061-1-1024x768.jpeg 1024w, https:\/\/turkey-zero-pollution.com\/wp-content\/uploads\/2022\/04\/WhatsApp-Image-2022-04-18-at-00.29.061-1-300x225.jpeg 300w, https:\/\/turkey-zero-pollution.com\/wp-content\/uploads\/2022\/04\/WhatsApp-Image-2022-04-18-at-00.29.061-1-768x576.jpeg 768w, https:\/\/turkey-zero-pollution.com\/wp-content\/uploads\/2022\/04\/WhatsApp-Image-2022-04-18-at-00.29.061-1-1536x1152.jpeg 1536w, https:\/\/turkey-zero-pollution.com\/wp-content\/uploads\/2022\/04\/WhatsApp-Image-2022-04-18-at-00.29.061-1.jpeg 1600w\" sizes=\"(max-width: 1024px) 100vw, 1024px\" \/><\/a><\/figure><\/div>\n\n\n\n<p><br>SSRMINING VE sans\u00fcr lidyas\u0131n\u0131n YASA DI\u015eI VE DOLANDIRICI kapasite art\u0131\u015f raporunu nokta nokta analiz edece\u011fiz.<br>Bu nedenle raporun i\u00e7eri\u011fini kar\u015f\u0131la\u015ft\u0131rmal\u0131 Avrupa veya Kanada unsurlar\u0131yla inceleyece\u011fiz ve yap\u0131lacak hukuka ayk\u0131r\u0131l\u0131klar\u0131 genel KAMUOYUNA sunaca\u011f\u0131z.<br>SSRMINING&rsquo;in bize cevap vermekte veya vermemekte serbest oldu\u011funu hat\u0131rlatmak isterim. Cevap gelirse yay\u0131nlayaca\u011f\u0131z (yasalara sayg\u0131 \u015fart\u0131)<br>Biz yarg\u0131lamak i\u00e7in burada de\u011filiz, sadece genel KAMUYU ve SSRMINING YATIRIMINI uyarmak i\u00e7in buraday\u0131z ki herkes do\u011fru karar\u0131 versin.<\/p>\n\n\n\n<p>Tabi ki yapaca\u011f\u0131z:<br>ANAL\u0130Z SU<br>KULLANILACAK K\u0130MYASALLAR<br>PROSESLER<br>\u0130KL\u0130M, R\u00dcZGARLAR VE SONU\u00c7LARI<br>\u00d6NEML\u0130 B\u0130R NEH\u0130R VE DEPREM B\u00d6LGES\u0130 YAKININDA CO\u011eRAF\u0130 DURUM<br>YEREL N\u00dcFUSUN ZEH\u0130RL\u0130L\u0130K \u00dcZER\u0130NDEK\u0130 \u00c7EVRESEL R\u0130SKLER VE ETK\u0130LER\u0130N SENTEZ\u0130N\u0130 YAPIN<br>kesinlikle unuttum\u2026<\/p>\n","protected":false},"excerpt":{"rendered":"<p>www.ssrmining.com (Anagold Madencilik) 2000 y\u0131l\u0131nda kurulmu\u015f ve SSR Madencilik (www.ssrmining.com) ile Lidya Madencilik (www.lidyamadencilik.com) aras\u0131nda bir ortak giri\u015fimdir. http:\/\/www.anagold.com.tr\/company\/company_profile.html ULUSLARARASI HUKUKLARIN VE T\u00dcRK HUKUKLARININ DE \u0130HLAL\u0130&rsquo;ni birka\u00e7 yaz\u0131da a\u00e7\u0131klamaya \u00e7al\u0131\u015faca\u011f\u0131z. \u00d6ncelikle Ocak 2022&rsquo;den beri&#46;&#46;&#46;<\/p>\n","protected":false},"author":1,"featured_media":0,"comment_status":"open","ping_status":"open","sticky":false,"template":"","format":"standard","meta":{"footnotes":""},"categories":[1],"tags":[],"yst_prominent_words":[],"class_list":["post-2764","post","type-post","status-publish","format-standard","hentry","category-non-classe"],"lang":"tr","translations":{"fr":2766,"tr":2764,"en":2772,"de":2777,"es":2779},"pll_sync_post":[],"_links":{"self":[{"href":"https:\/\/turkey-zero-pollution.com\/index.php?rest_route=\/wp\/v2\/posts\/2764","targetHints":{"allow":["GET"]}}],"collection":[{"href":"https:\/\/turkey-zero-pollution.com\/index.php?rest_route=\/wp\/v2\/posts"}],"about":[{"href":"https:\/\/turkey-zero-pollution.com\/index.php?rest_route=\/wp\/v2\/types\/post"}],"author":[{"embeddable":true,"href":"https:\/\/turkey-zero-pollution.com\/index.php?rest_route=\/wp\/v2\/users\/1"}],"replies":[{"embeddable":true,"href":"https:\/\/turkey-zero-pollution.com\/index.php?rest_route=%2Fwp%2Fv2%2Fcomments&post=2764"}],"version-history":[{"count":0,"href":"https:\/\/turkey-zero-pollution.com\/index.php?rest_route=\/wp\/v2\/posts\/2764\/revisions"}],"wp:attachment":[{"href":"https:\/\/turkey-zero-pollution.com\/index.php?rest_route=%2Fwp%2Fv2%2Fmedia&parent=2764"}],"wp:term":[{"taxonomy":"category","embeddable":true,"href":"https:\/\/turkey-zero-pollution.com\/index.php?rest_route=%2Fwp%2Fv2%2Fcategories&post=2764"},{"taxonomy":"post_tag","embeddable":true,"href":"https:\/\/turkey-zero-pollution.com\/index.php?rest_route=%2Fwp%2Fv2%2Ftags&post=2764"},{"taxonomy":"yst_prominent_words","embeddable":true,"href":"https:\/\/turkey-zero-pollution.com\/index.php?rest_route=%2Fwp%2Fv2%2Fyst_prominent_words&post=2764"}],"curies":[{"name":"wp","href":"https:\/\/api.w.org\/{rel}","templated":true}]}}