{"id":2574,"date":"2022-01-18T23:24:14","date_gmt":"2022-01-18T22:24:14","guid":{"rendered":"https:\/\/turkey-zero-pollution.com\/?p=2574"},"modified":"2022-01-18T23:40:32","modified_gmt":"2022-01-18T22:40:32","slug":"copler-altin-madeninde-siyanur-havuzunda-kapasite-artirimina-gidildi","status":"publish","type":"post","link":"https:\/\/turkey-zero-pollution.com\/?p=2574","title":{"rendered":"\u00c7\u00f6pler Alt\u0131n Madeni&rsquo;nde siyan\u00fcr havuzunda kapasite art\u0131r\u0131m\u0131na gidildi"},"content":{"rendered":"\n<h2 class=\"wp-block-heading\">ANAGOLD, 14001&rsquo;i denetlemenizi istiyoruz?<\/h2>\n\n\n\n<figure class=\"wp-block-image\"><img decoding=\"async\" src=\"https:\/\/media-cdn.t24.com.tr\/media\/library\/2021\/10\/1634881510248-copler.jpg\" alt=\"\u00c7\u00f6pler Alt\u0131n Madeni\"\/><\/figure>\n\n\n\n<p>22 Ekim 2021 08:36<\/p>\n\n\n\n<ul class=\"wp-block-list\"><li><\/li><\/ul>\n\n\n\n<p>Erzincan\u2019\u0131n \u0130li\u00e7 il\u00e7esi \u00c7\u00f6pler k\u00f6y\u00fcndeki T\u00fcrkiye&rsquo;nin en b\u00fcy\u00fck ikinci siyan\u00fcr havuzunda kapasite art\u0131r\u0131m\u0131na gidildi. \u00c7\u00f6pler Alt\u0131n Madeni&rsquo;nde y\u0131lda 11 bin ton siyan\u00fcr kullan\u0131lacak.<\/p>\n\n\n\n<p>Anagold Madencilik ve \u00c7al\u0131k Holding\u2019in orta\u011f\u0131 oldu\u011fu \u00c7\u00f6pler Alt\u0131n Madeni\u2019nin kapasite art\u0131r\u0131m\u0131na ili\u015fkin \u00c7evre ve \u015eehircilik Bakanl\u0131\u011f\u0131 taraf\u0131ndan \u00e7evresel etki de\u011ferlendirme (\u00c7ED) olumlu karar\u0131 verildi. \u0130kinci kez yap\u0131lan kapasite art\u0131r\u0131m\u0131 kapsam\u0131nda madenin faaliyet alan\u0131 geni\u015fletilecek, flotasyon (cevher zenginle\u015ftirme) tesisi kurulacak.<\/p>\n\n\n\n<h3 class=\"wp-block-heading\">2 bin 447 futbol sahas\u0131 b\u00fcy\u00fckl\u00fc\u011f\u00fc alanda \u00e7al\u0131\u015fma yapacak<\/h3>\n\n\n\n<p>Birg\u00fcn&rsquo;den G\u00f6kay Ba\u015fcan&rsquo;\u0131n haberine g\u00f6re, kapasite art\u0131\u015f\u0131yla birlikte \u00fclkenin en b\u00fcy\u00fck alt\u0131n madeni olacak projenin bedeli ise 1 milyon 162 bin 800 TL. Ba\u015fvuru dosyas\u0131nda \u00c7\u00f6pler K\u00f6y\u00fc Kilisesi\u2019ni \u00c7ED s\u0131n\u0131rlar\u0131 i\u00e7erisine alan \u015firket, de\u011fi\u015fikli\u011fe gitti. Kiliseyi \u00e7al\u0131\u015fma s\u0131n\u0131rlar\u0131 d\u0131\u015far\u0131s\u0131na \u00e7\u0131karan ancak hemen dibinde faaliyet y\u00fcr\u00fctecek olan \u015firketin \u00c7ED s\u0131n\u0131rlar\u0131 bin 747 hektardan olu\u015fuyor. 13 y\u0131lda faaliyet alan\u0131n\u0131 2 bu\u00e7uk kat art\u0131ran \u015firket toplamda yakla\u015f\u0131k olarak 2 bin 447 futbol sahas\u0131 b\u00fcy\u00fckl\u00fc\u011f\u00fc alanda \u00e7al\u0131\u015fma yapacak. 783,72 hektar\u0131 orman, 95,93 hektar\u0131 ise mera alan\u0131n\u0131 kapsayan maden oca\u011f\u0131 yerle\u015fim yerlerinin yak\u0131n\u0131n. Maden sahas\u0131 \u00c7\u00f6pler ve Sab\u0131rl\u0131 k\u00f6ylerine uzakl\u0131\u011f\u0131 sadece 250 metre. Tar\u0131m arazilerini kimyasal zehre bo\u011fan \u015firket, s\u00fclf\u00fcrik asit kullan\u0131m\u0131n\u0131 y\u0131ll\u0131k 9 bin tondan 122 bin tona \u00e7\u0131karacak. Siyan\u00fcr kullan\u0131m\u0131 ise y\u0131ll\u0131k 11 bin ton olacak. Madende ayr\u0131ca 16 \u00e7e\u015fit \u00e7ok tehlikeli kimyasal daha kullan\u0131l\u0131yor. Halk aras\u0131nda kezzap olarak kullan\u0131lan nitrik asit ise bir y\u0131l i\u00e7inde bin 50 kilogram kullan\u0131lacak. \u00c7ED dosyas\u0131nda yer alan bilgilere g\u00f6re \u015firket, 10 adet evaporat\u00f6r (buharla\u015ft\u0131r\u0131c\u0131) in\u015fa edecek. Bu evaport\u00f6rler arac\u0131l\u0131\u011f\u0131yla zehir havuzuna biriken kimyasallar buharla\u015ft\u0131rarak atmosfere sal\u0131nacak.<\/p>\n\n\n\n<h3 class=\"wp-block-heading\">\u00ab\u00a0Sadece da\u011f ke\u00e7isi zarar g\u00f6rebilir\u00a0\u00bb<\/h3>\n\n\n\n<p>B\u00f6lgede y\u0131llard\u0131r en \u00f6nemli ge\u00e7im kaynaklar ar\u0131c\u0131l\u0131k ve meyvecilik. B\u00f6lgede 2019 y\u0131l\u0131nda yakla\u015f\u0131k 130 ton do\u011fal bal \u00fcretimi ger\u00e7ekle\u015fti. Di\u011fer ge\u00e7im kayna\u011f\u0131 meyvecilikte ise, y\u0131lda 120 ton \u00fcz\u00fcm, yakla\u015f\u0131k 600 ton elma, 234 ton ise armut \u00fcretimi yap\u0131l\u0131yor. \u00c7ED raporunda, sahada 19 memeli t\u00fcr\u00fc belirlendi\u011fi, bunlardan da\u011f ke\u00e7isinin uluslararas\u0131 kriterlere g\u00f6re \u2018zarar g\u00f6rebilir\u2019; di\u011fer 18 t\u00fcr\u00fcn ise \u2018d\u00fc\u015f\u00fck risk\u2019 kategorisinde oldu\u011fu belirtildi.<\/p>\n\n\n\n<h3 class=\"wp-block-heading\">\u0130\u015f\u00e7iler hakk\u0131n\u0131 istiyor<\/h3>\n\n\n\n<p>Kapasite art\u0131r\u0131m\u0131na giden \u015firketin maden oca\u011f\u0131n\u0131n ge\u00e7mi\u015fi i\u015f\u00e7i haklar\u0131 ve \u00e7evresel zararlar a\u00e7\u0131s\u0131ndan tart\u0131\u015f\u0131l\u0131yor. Yeni kapasite art\u0131r\u0131m\u0131n\u0131 b\u00f6lgede istihdam yarataca\u011f\u0131 sav\u0131yla savunan \u015firket, bir\u00e7ok kez i\u015f\u00e7isini ma\u011fdur etti. 2019 y\u0131l\u0131nda madende \u00e7al\u0131\u015f\u0131rken aya\u011f\u0131na s\u00fclf\u00fcrik asit d\u00f6k\u00fclen i\u015f\u00e7i i\u015ften \u00e7\u0131kar\u0131ld\u0131. Ge\u00e7en nisan ay\u0131nda ise maden i\u015f\u00e7ileri, Anagold \u015firketinin yerli ta\u015feronu \u00c7iftay \u015firketinin \u00fccret ve izin haklar\u0131n\u0131n gasp edilmek istenmesine kar\u015f\u0131 kendilerini \u015fantiyeye kapatt\u0131. \u0130\u015f\u00e7iler mesaili sistem nedeniyle d\u00fc\u015fen \u00fccretlerinin art\u0131r\u0131lmas\u0131n\u0131, izin haklar\u0131n\u0131n d\u00fczenlenmesini, sendika haklar\u0131n\u0131n tan\u0131nmas\u0131n\u0131 istedi.<\/p>\n\n\n\n<h3 class=\"wp-block-heading\">\u00ab\u00a0Akci\u011fer ve ba\u011f\u0131rsak kanser vakalar\u0131 artm\u0131\u015f durumda\u00a0\u00bb<\/h3>\n\n\n\n\n\n\n\n<p><a href=\"https:\/\/t24.com.tr\/haber\/copler-altin-madeni-nde-siyanur-havuzunda-kapasite-artirimina-gidildi,987514\">https:\/\/t24.com.tr\/haber\/copler-altin-madeni-nde-siyanur-havuzunda-kapasite-artirimina-gidildi,987514<\/a><\/p>\n\n\n\n\n\n\n\n<h2 class=\"wp-block-heading\">Bizim bu konuda ANAGOLD firmasindan talebimiz.<\/h2>\n\n\n\n<p>http:\/\/www.anagold.com.tr\/tr\/responsibilities\/cevre.html<\/p>\n\n\n\n<div class=\"wp-block-image\"><figure class=\"aligncenter size-large\"><a href=\"https:\/\/turkey-zero-pollution.com\/wp-content\/uploads\/2022\/01\/ilic7.jpeg\"><img fetchpriority=\"high\" decoding=\"async\" width=\"576\" height=\"1024\" src=\"https:\/\/turkey-zero-pollution.com\/wp-content\/uploads\/2022\/01\/ilic7-576x1024.jpeg\" alt=\"\" class=\"wp-image-2575\" srcset=\"https:\/\/turkey-zero-pollution.com\/wp-content\/uploads\/2022\/01\/ilic7-576x1024.jpeg 576w, https:\/\/turkey-zero-pollution.com\/wp-content\/uploads\/2022\/01\/ilic7-169x300.jpeg 169w, https:\/\/turkey-zero-pollution.com\/wp-content\/uploads\/2022\/01\/ilic7-768x1366.jpeg 768w, https:\/\/turkey-zero-pollution.com\/wp-content\/uploads\/2022\/01\/ilic7-864x1536.jpeg 864w, https:\/\/turkey-zero-pollution.com\/wp-content\/uploads\/2022\/01\/ilic7.jpeg 899w\" sizes=\"(max-width: 576px) 100vw, 576px\" \/><\/a><\/figure><\/div>\n\n\n\n<h2 class=\"wp-block-heading\">Uygun ve kabul g\u00f6r\u00fcn\u00fcrse, biz kendi web sitelerind<strong>e yazdiklarini dogrulamak icin ISO 14001 cercevesinde, BAGIMSIZ ISVICRE KANUNLARI CERCEVESINDE DENETIMI YAPTIRMAK ISTERIZ.<\/strong><\/h2>\n\n\n\n<p>Bu talebimiz kabul gorunurse, bize yazabilirler,<\/p>\n\n\n\n<p>Eger bu talebimize cevap gelmez ise demek Cevre yaklasimlarinda KABUL OLMAZDIR.<\/p>\n","protected":false},"excerpt":{"rendered":"<p>ANAGOLD, 14001&rsquo;i denetlemenizi istiyoruz? 22 Ekim 2021 08:36 Erzincan\u2019\u0131n \u0130li\u00e7 il\u00e7esi \u00c7\u00f6pler k\u00f6y\u00fcndeki T\u00fcrkiye&rsquo;nin en b\u00fcy\u00fck ikinci siyan\u00fcr havuzunda kapasite art\u0131r\u0131m\u0131na gidildi. \u00c7\u00f6pler Alt\u0131n Madeni&rsquo;nde y\u0131lda 11 bin ton siyan\u00fcr kullan\u0131lacak. Anagold Madencilik ve&#46;&#46;&#46;<\/p>\n","protected":false},"author":1,"featured_media":0,"comment_status":"open","ping_status":"open","sticky":false,"template":"","format":"standard","meta":{"footnotes":""},"categories":[1],"tags":[],"yst_prominent_words":[],"class_list":["post-2574","post","type-post","status-publish","format-standard","hentry","category-non-classe"],"lang":"tr","translations":{"fr":2577,"tr":2574,"de":2581,"en":2584,"es":2587},"pll_sync_post":[],"_links":{"self":[{"href":"https:\/\/turkey-zero-pollution.com\/index.php?rest_route=\/wp\/v2\/posts\/2574","targetHints":{"allow":["GET"]}}],"collection":[{"href":"https:\/\/turkey-zero-pollution.com\/index.php?rest_route=\/wp\/v2\/posts"}],"about":[{"href":"https:\/\/turkey-zero-pollution.com\/index.php?rest_route=\/wp\/v2\/types\/post"}],"author":[{"embeddable":true,"href":"https:\/\/turkey-zero-pollution.com\/index.php?rest_route=\/wp\/v2\/users\/1"}],"replies":[{"embeddable":true,"href":"https:\/\/turkey-zero-pollution.com\/index.php?rest_route=%2Fwp%2Fv2%2Fcomments&post=2574"}],"version-history":[{"count":0,"href":"https:\/\/turkey-zero-pollution.com\/index.php?rest_route=\/wp\/v2\/posts\/2574\/revisions"}],"wp:attachment":[{"href":"https:\/\/turkey-zero-pollution.com\/index.php?rest_route=%2Fwp%2Fv2%2Fmedia&parent=2574"}],"wp:term":[{"taxonomy":"category","embeddable":true,"href":"https:\/\/turkey-zero-pollution.com\/index.php?rest_route=%2Fwp%2Fv2%2Fcategories&post=2574"},{"taxonomy":"post_tag","embeddable":true,"href":"https:\/\/turkey-zero-pollution.com\/index.php?rest_route=%2Fwp%2Fv2%2Ftags&post=2574"},{"taxonomy":"yst_prominent_words","embeddable":true,"href":"https:\/\/turkey-zero-pollution.com\/index.php?rest_route=%2Fwp%2Fv2%2Fyst_prominent_words&post=2574"}],"curies":[{"name":"wp","href":"https:\/\/api.w.org\/{rel}","templated":true}]}}