{"id":2394,"date":"2021-11-28T21:09:09","date_gmt":"2021-11-28T20:09:09","guid":{"rendered":"https:\/\/turkey-zero-pollution.com\/?p=2394"},"modified":"2021-11-28T21:09:12","modified_gmt":"2021-11-28T20:09:12","slug":"madenci-sirket-kapasite-artirimina-gitmis-daha-cok-zehir","status":"publish","type":"post","link":"https:\/\/turkey-zero-pollution.com\/?p=2394","title":{"rendered":"Madenci \u015firket kapasite art\u0131r\u0131m\u0131na gitmi\u015f: Daha \u00e7ok zehir"},"content":{"rendered":"\n<h2 class=\"wp-block-heading\">Giresun\u2019da baraj\u0131 kimyasal at\u0131kla kirleten \u015firketin ge\u00e7en hafta projeyi 3 kat b\u00fcy\u00fctmek i\u00e7in ba\u015fvuruda bulundu\u011fu ortaya \u00e7\u0131kt\u0131. Valilik ise \u015firketin faaliyetlerini \u00e7evreye kontrols\u00fcz at\u0131k s\u0131zd\u0131rd\u0131\u011f\u0131 gerek\u00e7esiyle s\u00fcresiz durdurdu.<\/h2>\n\n\n\n<p>AddThis Sharing Buttons<a>Share to Facebook<\/a><a>Share to Twitter<\/a><a>Share to Email<\/a><a>Share to Pinterest<\/a><a>Share to Plus d&rsquo;options&#8230;<\/a><\/p>\n\n\n\n<figure class=\"wp-block-image\"><img decoding=\"async\" src=\"https:\/\/static.birgun.net\/resim\/haber-detay-resim\/2021\/11\/21\/siyanurcu-sirket-kapasite-artirimina-gitmis-daha-cok-zehir-946312-5.jpg\" alt=\"Madenci \u015firket kapasite art\u0131r\u0131m\u0131na gitmi\u015f: Daha \u00e7ok zehir\"\/><\/figure>\n\n\n\n<p><strong>G\u00f6kay BA\u015eCAN<\/strong><\/p>\n\n\n\n<p>Giresun&rsquo;a ba\u011fl\u0131 \u015eebinkarahisar il\u00e7esinde kimyasal at\u0131klar\u0131n\u0131n depoland\u0131\u011f\u0131 flotasyon tesislerinde patlama meydana gelen Nesko Madencilik A\u015e\u2019nin faaliyetleri Giresun Valili\u011fi taraf\u0131ndan s\u00fcresiz durduruldu. \u00d6te yandan \u015firketin, ge\u00e7en hafta kapasite art\u0131r\u0131m\u0131 i\u00e7in ba\u015fvuruda bulundu\u011fu ortaya \u00e7\u0131kt\u0131. Havuzlar\u0131n patlamas\u0131 sonucu b\u00f6lgedeki tar\u0131m arazilerine ve K\u0131l\u0131\u00e7kaya Baraj\u0131\u2019na kimyasal kar\u0131\u015ft\u0131ran \u015firket, projeyi 3 kat b\u00fcy\u00fctmek istiyor.<br><br>Nesko Madencilik A.\u015e.\u2019ye ait maden ocaklar\u0131nda kullan\u0131lan kimyasal at\u0131klar\u0131n\u0131n depoland\u0131\u011f\u0131 flotasyon tesislerindeki havuzlar patlad\u0131. Patlamayla birlikte kimyasal, tesisin \u00e7evresinde bulunan dereye kar\u0131\u015ft\u0131 ve devam\u0131nda K\u0131l\u0131\u00e7kaya Baraj\u0131&rsquo;na ula\u015ft\u0131. Yedikarde\u015f K\u00f6y\u00fc&rsquo;ne s\u0131n\u0131rlar\u0131 i\u00e7erisinde yer alan bah\u00e7e ve tar\u0131m arazileri kullan\u0131lamaz hale geldi.<\/p>\n\n\n\n<p><br>ANKA\u2019ya konu\u015fan \u015eebinkarahisar Yedikarde\u015f K\u00f6y\u00fc Derne\u011fi Ba\u015fkan\u0131 Serkan \u00c7iftci, \u201cBu konuda ge\u00e7mi\u015ften bug\u00fcne kadar y\u00f6re halk\u0131, sivil toplum kurulu\u015flar\u0131 ve t\u00fcm \u00e7evre bilincine sahip olan duyarl\u0131 insanlar\u0131m\u0131z taraf\u0131ndan yap\u0131lan s\u00f6zl\u00fc ve yaz\u0131l\u0131 uyar\u0131lar, t\u00fcm yaz\u0131l\u0131 ba\u015fvurular\u0131n dikkate al\u0131nmamas\u0131 sonucu bu \u00e7evre felaketine sebebiyet verilmi\u015ftir. \u00c7evre Kanunu ve ilgili mevzuat h\u00fck\u00fcmlerine riayet etmeden yap\u0131lan kontrols\u00fcz madencilik ve kontrols\u00fcz cevher i\u015fleme ve kontrols\u00fcz, bilin\u00e7siz depolama sonucu bu felaketin gelece\u011fi a\u00e7\u0131k\u00e7a ortada oldu\u011fu halde g\u00f6revli, yetkili ve sorumlular gere\u011fini yapmad\u0131klar\u0131 i\u00e7in b\u00f6lgedeki t\u00fcm flora, fauna zarar g\u00f6rm\u00fc\u015f ve topraklar\u0131m\u0131z, bitki \u00f6rt\u00fcm\u00fcz ve sular\u0131m\u0131z zehirlenmi\u015ftir\u201d ifadelerini kulland\u0131.<br><br>\u015eirketin faaliyetlerinin durduruldu\u011funu duyuran Giresun Valili\u011fi, yapt\u0131\u011f\u0131 a\u00e7\u0131klamada, \u201cAnaliz sonu\u00e7lar\u0131n\u0131n incelemeye al\u0131nd\u0131\u011f\u0131 \u015firketin sorumlular\u0131 hakk\u0131nda, adli ve idari i\u015flem de ba\u015flat\u0131ld\u0131\u201d ifadelerine yer verdi.<br><br><strong>BAKANLI\u011eA BA\u015eVURU<\/strong><br><br>B\u00f6lgeyi kimyasal cehennemine \u00e7eviren \u015firketin projeyi b\u00fcy\u00fctmek i\u00e7in \u00c7evre \u015eehircilik ve \u0130klim De\u011fi\u015fikli\u011fi Bakanl\u0131\u011f\u0131\u2019na ba\u015fvurdu\u011fu ortaya \u00e7\u0131kt\u0131. Ge\u00e7en hafta ba\u015fvuru yapan \u015firket, projeyi 3 kat b\u00fcy\u00fctmek istiyor&#8230;<\/p>\n\n\n\n\n\n\n\n<p><a href=\"https:\/\/www.birgun.net\/haber\/madenci-sirket-kapasite-artirimina-gitmis-daha-cok-zehir-366510\">https:\/\/www.birgun.net\/haber\/madenci-sirket-kapasite-artirimina-gitmis-daha-cok-zehir-366510<\/a><\/p>\n","protected":false},"excerpt":{"rendered":"<p>Giresun\u2019da baraj\u0131 kimyasal at\u0131kla kirleten \u015firketin ge\u00e7en hafta projeyi 3 kat b\u00fcy\u00fctmek i\u00e7in ba\u015fvuruda bulundu\u011fu ortaya \u00e7\u0131kt\u0131. Valilik ise \u015firketin faaliyetlerini \u00e7evreye kontrols\u00fcz at\u0131k s\u0131zd\u0131rd\u0131\u011f\u0131 gerek\u00e7esiyle s\u00fcresiz durdurdu. AddThis Sharing ButtonsShare to FacebookShare to&#46;&#46;&#46;<\/p>\n","protected":false},"author":2,"featured_media":0,"comment_status":"open","ping_status":"open","sticky":false,"template":"","format":"standard","meta":{"footnotes":""},"categories":[1],"tags":[],"yst_prominent_words":[],"class_list":["post-2394","post","type-post","status-publish","format-standard","hentry","category-non-classe"],"lang":"tr","translations":{"tr":2394,"fr":2393,"de":2397,"en":2399,"es":2401},"pll_sync_post":[],"_links":{"self":[{"href":"https:\/\/turkey-zero-pollution.com\/index.php?rest_route=\/wp\/v2\/posts\/2394","targetHints":{"allow":["GET"]}}],"collection":[{"href":"https:\/\/turkey-zero-pollution.com\/index.php?rest_route=\/wp\/v2\/posts"}],"about":[{"href":"https:\/\/turkey-zero-pollution.com\/index.php?rest_route=\/wp\/v2\/types\/post"}],"author":[{"embeddable":true,"href":"https:\/\/turkey-zero-pollution.com\/index.php?rest_route=\/wp\/v2\/users\/2"}],"replies":[{"embeddable":true,"href":"https:\/\/turkey-zero-pollution.com\/index.php?rest_route=%2Fwp%2Fv2%2Fcomments&post=2394"}],"version-history":[{"count":0,"href":"https:\/\/turkey-zero-pollution.com\/index.php?rest_route=\/wp\/v2\/posts\/2394\/revisions"}],"wp:attachment":[{"href":"https:\/\/turkey-zero-pollution.com\/index.php?rest_route=%2Fwp%2Fv2%2Fmedia&parent=2394"}],"wp:term":[{"taxonomy":"category","embeddable":true,"href":"https:\/\/turkey-zero-pollution.com\/index.php?rest_route=%2Fwp%2Fv2%2Fcategories&post=2394"},{"taxonomy":"post_tag","embeddable":true,"href":"https:\/\/turkey-zero-pollution.com\/index.php?rest_route=%2Fwp%2Fv2%2Ftags&post=2394"},{"taxonomy":"yst_prominent_words","embeddable":true,"href":"https:\/\/turkey-zero-pollution.com\/index.php?rest_route=%2Fwp%2Fv2%2Fyst_prominent_words&post=2394"}],"curies":[{"name":"wp","href":"https:\/\/api.w.org\/{rel}","templated":true}]}}