{"id":2378,"date":"2021-11-20T22:42:33","date_gmt":"2021-11-20T21:42:33","guid":{"rendered":"https:\/\/turkey-zero-pollution.com\/?p=2378"},"modified":"2021-11-20T22:52:22","modified_gmt":"2021-11-20T21:52:22","slug":"los-que-prohiben-la-entrada-al-martirio-estan-dando-una-leccion-de-respeto-al-martir-la-gente-deberia-avergonzarse","status":"publish","type":"post","link":"https:\/\/turkey-zero-pollution.com\/?p=2378&lang=es","title":{"rendered":"Los que proh\u00edben la entrada al martirio est\u00e1n dando una lecci\u00f3n de respeto al m\u00e1rtir, \u00a1la gente deber\u00eda avergonzarse!"},"content":{"rendered":"\n<p>\u00d6zdil dijo: \u201cSi hay respeto o insulto al m\u00e1rtir, las familias de los m\u00e1rtires, los veteranos, lo \u00faltimo de lo que hablar es de la mentalidad del AKP. Hay ejemplos que har\u00e1n que la gente se averg\u00fcence de su humanidad \u00ab\u00a0, dijo.<br>Hakan KAYA<br>Lanzamiento: 05:30 &#8211; 13 de noviembre de 2021 Actualizado: 07:38 &#8211; 13 de noviembre de 2021<br>Los que proh\u00edben la entrada al martirio est\u00e1n dando una lecci\u00f3n de respeto al m\u00e1rtir, \u00a1la gente deber\u00eda avergonzarse!<\/p>\n\n\n\n<p>Nuestro escritor Y\u0131lmaz \u00d6zdil hizo declaraciones sobre la agenda. \u00d6zdil, invitada de Lale \u00d6zan Arslan en el canal de YouTube Bizim TV, comenz\u00f3 su discurso conmemorando al Gran L\u00edder Mustafa Kemal Atat\u00fcrk. \u00d6zdil dijo: \u201cVimos el 10 de noviembre que la sociedad est\u00e1 mucho m\u00e1s avanzada que quienes dirigen el estado o los partidos pol\u00edticos. El denominador com\u00fan en todos los \u00e1mbitos de la sociedad, el cemento de este pa\u00eds, es Atat\u00fcrk. Miramos al futuro con m\u00e1s esperanza al sentir y ver sus ideas \u201d.<\/p>\n\n\n\n<p>\u00ab\u00a0EL AMOR DE ATAT\u00dcRK AL M\u00c9RITO\u00a0\u00bb<\/p>\n\n\n\n<p>\u00d6zdil continu\u00f3 de la siguiente manera: \u201cEn el proceso de restablecimiento de esta Rep\u00fablica, Mustafa Kemal Atat\u00fcrk tiene una visi\u00f3n extraordinaria. El amor al m\u00e9rito de Mustafa Kemal Atat\u00fcrk fue la visi\u00f3n principal de la Rep\u00fablica de Turqu\u00eda, tanto en la Lucha Nacional como en su renacimiento de sus cenizas como un f\u00e9nix \u201d.<\/p>\n\n\n\n<p>Sobre la tensi\u00f3n entre el diputado L\u00fctf\u00fc T\u00fcrkkan del Partido IYI Kocaeli y los familiares de los m\u00e1rtires y la actitud del gobierno hacia los acontecimientos, \u00d6zdil dijo: \u201cCuando hay respeto o insulto a las familias de los m\u00e1rtires, los m\u00e1rtires, los veteranos, la mentalidad del AKP deber\u00eda ser lo \u00faltimo de lo que hablar. Mehmet Gencer es mi hermano cuya existencia me honra. Martiriz\u00f3 tanto a su hijo como a su sobrino. El &#8230;&#8230; lo conden\u00f3 a prisi\u00f3n por criticar la iniciativa del PKK. Pakize Akbaba, madre de m\u00e1rtires. Fueron condenados a 4 a\u00f1os de prisi\u00f3n. Enviaron un gravamen sobre la pr\u00f3tesis de los veteranos. Hay ejemplos que har\u00e1n que la gente se averg\u00fcence de su humanidad \u201d.<\/p>\n\n\n\n<p>\u00ab\u00a0\u00a1TOMAN UNA LECCI\u00d3N MATERIAL!\u00a0\u00bb<\/p>\n\n\n\n<p>Y\u0131lmaz \u00d6zdil, que afirm\u00f3 que el gobierno tiene como objetivo desgastar al Partido IYI, dijo: \u201c\u00bfQui\u00e9n est\u00e1 sentado a la mesa con el PKK? Prohibieron el cementerio de los m\u00e1rtires de Edirnekapi en Estambul. Para que las familias de los m\u00e1rtires no vayan a dar una rueda de prensa protestando por la inauguraci\u00f3n. La mentalidad que proh\u00edbe a las familias de los m\u00e1rtires entrar en el martirio est\u00e1 dando una lecci\u00f3n de respeto al m\u00e1rtir al Partido IYI, de ah\u00ed al CHP, que ha vuelto hoy. El hombre se averg\u00fcenza. Ahora est\u00e1n de regreso y est\u00e1n dando una lecci\u00f3n moral \u00ab\u00a0, dijo.<\/p>\n\n\n\n<p>\u00ab\u00a0\u00bfHay tal desgracia?\u00a0\u00bb \u2026<\/p>\n\n\n\n<p><a href=\"https:\/\/www.sozcu.com.tr\/2021\/gundem\/sehitlige-girisi-yasaklayanlar-sehide-saygi-dersi-veriyor-insan-utanir-be-6765754\/\">https:\/\/www.sozcu.com.tr\/2021\/gundem\/sehitlige-girisi-yasaklayanlar-sehide-saygi-dersi-veriyor-insan-utanir-be-6765754\/<\/a><\/p>\n","protected":false},"excerpt":{"rendered":"<p>\u00d6zdil dijo: \u201cSi hay respeto o insulto al m\u00e1rtir, las familias de los m\u00e1rtires, los veteranos, lo \u00faltimo de lo que hablar es de la mentalidad del AKP. Hay ejemplos que har\u00e1n que la&#46;&#46;&#46;<\/p>\n","protected":false},"author":1,"featured_media":0,"comment_status":"open","ping_status":"open","sticky":false,"template":"","format":"standard","meta":{"footnotes":""},"categories":[11],"tags":[],"yst_prominent_words":[],"class_list":["post-2378","post","type-post","status-publish","format-standard","hentry","category-non-classe-es"],"lang":"es","translations":{"es":2378,"tr":2376,"en":2380,"de":2382,"fr":2384},"pll_sync_post":[],"_links":{"self":[{"href":"https:\/\/turkey-zero-pollution.com\/index.php?rest_route=\/wp\/v2\/posts\/2378","targetHints":{"allow":["GET"]}}],"collection":[{"href":"https:\/\/turkey-zero-pollution.com\/index.php?rest_route=\/wp\/v2\/posts"}],"about":[{"href":"https:\/\/turkey-zero-pollution.com\/index.php?rest_route=\/wp\/v2\/types\/post"}],"author":[{"embeddable":true,"href":"https:\/\/turkey-zero-pollution.com\/index.php?rest_route=\/wp\/v2\/users\/1"}],"replies":[{"embeddable":true,"href":"https:\/\/turkey-zero-pollution.com\/index.php?rest_route=%2Fwp%2Fv2%2Fcomments&post=2378"}],"version-history":[{"count":0,"href":"https:\/\/turkey-zero-pollution.com\/index.php?rest_route=\/wp\/v2\/posts\/2378\/revisions"}],"wp:attachment":[{"href":"https:\/\/turkey-zero-pollution.com\/index.php?rest_route=%2Fwp%2Fv2%2Fmedia&parent=2378"}],"wp:term":[{"taxonomy":"category","embeddable":true,"href":"https:\/\/turkey-zero-pollution.com\/index.php?rest_route=%2Fwp%2Fv2%2Fcategories&post=2378"},{"taxonomy":"post_tag","embeddable":true,"href":"https:\/\/turkey-zero-pollution.com\/index.php?rest_route=%2Fwp%2Fv2%2Ftags&post=2378"},{"taxonomy":"yst_prominent_words","embeddable":true,"href":"https:\/\/turkey-zero-pollution.com\/index.php?rest_route=%2Fwp%2Fv2%2Fyst_prominent_words&post=2378"}],"curies":[{"name":"wp","href":"https:\/\/api.w.org\/{rel}","templated":true}]}}