{"id":2356,"date":"2021-11-19T00:33:31","date_gmt":"2021-11-18T23:33:31","guid":{"rendered":"https:\/\/turkey-zero-pollution.com\/?p=2356"},"modified":"2021-11-19T00:33:34","modified_gmt":"2021-11-18T23:33:34","slug":"ekim-ayinda-50ye-yakin-gazeteci-hakim-karsisina-cikti","status":"publish","type":"post","link":"https:\/\/turkey-zero-pollution.com\/?p=2356","title":{"rendered":"Ekim ay\u0131nda 50&rsquo;ye yak\u0131n gazeteci hakim kar\u015f\u0131s\u0131na \u00e7\u0131kt\u0131"},"content":{"rendered":"\n<h2 class=\"wp-block-heading\">CHP Eski\u015fehir Milletvekili Utku \u00c7ak\u0131r\u00f6zer, ekim ay\u0131nda ifade ve bas\u0131n \u00f6zg\u00fcrl\u00fc\u011f\u00fc alan\u0131nda ya\u015fanan hak ihlallerinin tespit edildi\u011fi Bas\u0131n \u00d6zg\u00fcrl\u00fc\u011f\u00fc Raporu\u2019nu a\u00e7\u0131klad\u0131.<\/h2>\n\n\n\n\n\n\n\n<figure class=\"wp-block-image\"><img decoding=\"async\" src=\"https:\/\/static.birgun.net\/resim\/haber-detay-resim\/2021\/11\/08\/ekim-ayinda-50-ye-yakin-gazeteci-hakim-karsisina-cikti-941733-5.jpg\" alt=\"Ekim ay\u0131nda 50'ye yak\u0131n gazeteci hakim kar\u015f\u0131s\u0131na \u00e7\u0131kt\u0131\"\/><\/figure>\n\n\n\n<p>CHP Eski\u015fehir Milletvekili Utku \u00c7ak\u0131r\u00f6zer, her ay d\u00fczenli olarak kamuoyu ile payla\u015ft\u0131\u011f\u0131 Bas\u0131n \u00d6zg\u00fcrl\u00fc\u011f\u00fc Raporu\u2019nun ekim ay\u0131na ili\u015fkin verilerini a\u00e7\u0131klad\u0131. Gazetecilerin g\u00f6revlerini yapmalar\u0131n\u0131n engellendi\u011fini ve hatta \u00f6l\u00fcmle tehdit edildi\u011fini \u00f6ne s\u00fcren \u00c7ak\u0131r\u00f6zer, \u201cEkim ay\u0131nda 50\u2019ye yak\u0131n gazeteci hakim kar\u015f\u0131s\u0131na \u00e7\u0131kt\u0131. Say\u0131s\u0131z gazetecinin yazd\u0131klar\u0131 yaz\u0131lar, att\u0131klar\u0131 tweetler nedeniyle haklar\u0131nda soru\u015fturmalar ba\u015flat\u0131ld\u0131. Hapis cezas\u0131na \u00e7arpt\u0131r\u0131lan, a\u011f\u0131r tazminat cezas\u0131na \u00e7arpt\u0131r\u0131lan gazeteciler oldu\u201d dedi.<\/p>\n\n\n\n<p>Utku \u00c7ak\u0131r\u00f6zer, ekim ay\u0131nda ifade ve bas\u0131n \u00f6zg\u00fcrl\u00fc\u011f\u00fc alan\u0131nda ya\u015fanan hak ihlallerinin tespit edildi\u011fi Bas\u0131n \u00d6zg\u00fcrl\u00fc\u011f\u00fc Raporu\u2019nu a\u00e7\u0131klad\u0131. Ekim ay\u0131n\u0131n bas\u0131n \u00f6zg\u00fcrl\u00fc\u011f\u00fc a\u00e7\u0131s\u0131ndan bask\u0131lar ve sans\u00fcrlerle ge\u00e7ti\u011fini savunan \u00c7ak\u0131r\u00f6zer, \u201cBas\u0131n \u00f6zg\u00fcrl\u00fc\u011f\u00fc demokrasinin, demokrasi bas\u0131n \u00f6zg\u00fcrl\u00fc\u011f\u00fcn\u00fcn olmazsa olmazd\u0131r. Her ay T\u00fcrkiye\u2019de gazeteciler, daha da g\u00f6revlerini yapamaz hale getiriliyor\u201d diye konu\u015ftu. \u00c7ak\u0131r\u00f6zer, \u015funlar\u0131 s\u00f6yledi:<\/p>\n\n\n\n<p>\u201cHalk\u0131n haber alma hakk\u0131 ve bas\u0131n \u00f6zg\u00fcrl\u00fc\u011f\u00fc hakk\u0131nda yasaklar, bask\u0131lar ve sans\u00fcrlerle ge\u00e7en bir ay oldu ekim ay\u0131. Ekim ay\u0131 Bas\u0131n \u00d6zg\u00fcrl\u00fc\u011f\u00fc Raporu\u2019muzda, gazetecilerin mesleklerini yapmas\u0131n\u0131n nas\u0131l engellendi\u011fini bir bir tespit ettik. Gazeteciler, art\u0131k An\u0131tkabir\u2019e dahi al\u0131nm\u0131yor, gazetecilerin sokak r\u00f6portaj\u0131 yapmas\u0131 \u2018Bas\u0131n kart\u0131n\u0131z yok\u2019 diye engelleniyor. Gazeteciler, g\u00f6r\u00fcnt\u00fc almaya \u00e7al\u0131\u015f\u0131rken polis kalkanlar\u0131yla engelleniyor. Hatta \u00f6l\u00fcm tehditleri ile kar\u015f\u0131 kar\u015f\u0131ya kal\u0131yor. Ekim ay\u0131nda 50\u2019ye yak\u0131n gazeteci hakim kar\u015f\u0131s\u0131na \u00e7\u0131kt\u0131&#8230;..<\/p>\n\n\n\n\n\n\n\n<p><a href=\"https:\/\/www.birgun.net\/haber\/ekim-ayinda-50-ye-yakin-gazeteci-hakim-karsisina-cikti-365075\">https:\/\/www.birgun.net\/haber\/ekim-ayinda-50-ye-yakin-gazeteci-hakim-karsisina-cikti-365075<\/a><\/p>\n","protected":false},"excerpt":{"rendered":"<p>CHP Eski\u015fehir Milletvekili Utku \u00c7ak\u0131r\u00f6zer, ekim ay\u0131nda ifade ve bas\u0131n \u00f6zg\u00fcrl\u00fc\u011f\u00fc alan\u0131nda ya\u015fanan hak ihlallerinin tespit edildi\u011fi Bas\u0131n \u00d6zg\u00fcrl\u00fc\u011f\u00fc Raporu\u2019nu a\u00e7\u0131klad\u0131. CHP Eski\u015fehir Milletvekili Utku \u00c7ak\u0131r\u00f6zer, her ay d\u00fczenli olarak kamuoyu ile payla\u015ft\u0131\u011f\u0131 Bas\u0131n&#46;&#46;&#46;<\/p>\n","protected":false},"author":1,"featured_media":0,"comment_status":"open","ping_status":"open","sticky":false,"template":"","format":"standard","meta":{"footnotes":""},"categories":[1],"tags":[],"yst_prominent_words":[],"class_list":["post-2356","post","type-post","status-publish","format-standard","hentry","category-non-classe"],"lang":"tr","translations":{"es":2358,"tr":2356,"de":2360,"en":2362,"fr":2364},"pll_sync_post":[],"_links":{"self":[{"href":"https:\/\/turkey-zero-pollution.com\/index.php?rest_route=\/wp\/v2\/posts\/2356","targetHints":{"allow":["GET"]}}],"collection":[{"href":"https:\/\/turkey-zero-pollution.com\/index.php?rest_route=\/wp\/v2\/posts"}],"about":[{"href":"https:\/\/turkey-zero-pollution.com\/index.php?rest_route=\/wp\/v2\/types\/post"}],"author":[{"embeddable":true,"href":"https:\/\/turkey-zero-pollution.com\/index.php?rest_route=\/wp\/v2\/users\/1"}],"replies":[{"embeddable":true,"href":"https:\/\/turkey-zero-pollution.com\/index.php?rest_route=%2Fwp%2Fv2%2Fcomments&post=2356"}],"version-history":[{"count":0,"href":"https:\/\/turkey-zero-pollution.com\/index.php?rest_route=\/wp\/v2\/posts\/2356\/revisions"}],"wp:attachment":[{"href":"https:\/\/turkey-zero-pollution.com\/index.php?rest_route=%2Fwp%2Fv2%2Fmedia&parent=2356"}],"wp:term":[{"taxonomy":"category","embeddable":true,"href":"https:\/\/turkey-zero-pollution.com\/index.php?rest_route=%2Fwp%2Fv2%2Fcategories&post=2356"},{"taxonomy":"post_tag","embeddable":true,"href":"https:\/\/turkey-zero-pollution.com\/index.php?rest_route=%2Fwp%2Fv2%2Ftags&post=2356"},{"taxonomy":"yst_prominent_words","embeddable":true,"href":"https:\/\/turkey-zero-pollution.com\/index.php?rest_route=%2Fwp%2Fv2%2Fyst_prominent_words&post=2356"}],"curies":[{"name":"wp","href":"https:\/\/api.w.org\/{rel}","templated":true}]}}