{"id":2206,"date":"2021-09-30T23:11:40","date_gmt":"2021-09-30T22:11:40","guid":{"rendered":"https:\/\/turkey-zero-pollution.com\/?p=2206"},"modified":"2021-09-30T23:11:43","modified_gmt":"2021-09-30T22:11:43","slug":"20-milyar-tl-maliyetli-yht-hattinda-yeni-skandal","status":"publish","type":"post","link":"https:\/\/turkey-zero-pollution.com\/?p=2206","title":{"rendered":"20 milyar TL maliyetli YHT hatt\u0131nda yeni skandal"},"content":{"rendered":"\n<h2 class=\"wp-block-heading\">Cumhurba\u015fkan\u0131 ve AKP Genel Ba\u015fkan\u0131 Recep Tayyip Erdo\u011fan taraf\u0131ndan 4 Eyl\u00fcl 2021 tarihinde a\u00e7\u0131lmas\u0131 planlanan ancak ertelenen, \u015fu ana kadar yakla\u015f\u0131k 20 milyar TL harcanan Ankara-Sivas Y\u00fcksek H\u0131zl\u0131 Tren hatt\u0131nda skandallar bitmiyor. A\u00e7\u0131l\u0131\u015f\u0131 yedinci kez ertelenen hatta \u00e7\u00f6kmeler oldu\u011funu s\u00f6yleyen CHP Sivas Milletvekili Ula\u015f Karasu, \u00ab\u00a0Erteleme sebebini \u015fimdiye kadar kimse bilmiyordu. Herkes &lsquo;yeti\u015fmedi&rsquo; dedi ama g\u00f6r\u00fcl\u00fcyor ki k\u00f6pr\u00fc zeminlerinde sorun var. Yine bir yanda\u015f m\u00fcteahhit skandal\u0131 ile kar\u015f\u0131 kar\u015f\u0131yay\u0131z\u00a0\u00bb dedi.<\/h2>\n\n\n\n<p><img decoding=\"async\" src=\"https:\/\/i.sozcu.com.tr\/wp-content\/themes\/Sozcu_V4\/assets\/images\/uzman\/orhan-bozkurt-50x50.jpg?ver=7.7.8.0\" alt=\"\"> Orhan BOZKURT Yay\u0131nlanma: 17:54 &#8211; 05 Eyl\u00fcl 2021 G\u00fcncellenme: 18:51 &#8211; 05 Eyl\u00fcl 2021 <a href=\"whatsapp:\/\/send?text=20 milyar TL maliyetli YHT hatt\u0131nda yeni skandal - https:\/\/www.sozcu.com.tr\/2021\/gundem\/20-milyar-tl-maliyetli-yht-hattinda-yeni-skandal-6632490\/\"><\/a><a href=\"mailto:?subject=Haber&amp;body=S\u00f6zc\u00fc - 20 milyar TL maliyetli YHT hatt\u0131nda yeni skandal https:\/\/www.sozcu.com.tr\/2021\/gundem\/20-milyar-tl-maliyetli-yht-hattinda-yeni-skandal-6632490\/\" target=\"_blank\" rel=\"noreferrer noopener\"><\/a> https:\/\/www.dailymotion.com\/embed\/video\/x83yr8n?queue-autoplay-next=0&amp;queue-enable=0 https:\/\/3c609396f751bba3f2743c433ecd3371.safeframe.googlesyndication.com\/safeframe\/1-0-38\/html\/container.html<\/p>\n\n\n\n<p>Devlet Demiryollar\u0131 taraf\u0131ndan temeli 2008 y\u0131l\u0131nda at\u0131lmas\u0131na ra\u011fmen 13 y\u0131ld\u0131r bir t\u00fcrl\u00fc bitmeyen Ankara-Sivas Y\u00fcksek H\u0131zl\u0131 Tren (YHT) hatt\u0131n\u0131n a\u00e7\u0131l\u0131\u015f\u0131 yedinci kez ertelendi. CHP Parti Meclisi \u00dcyesi ve Sivas Milletvekili Ula\u015f Karasu, a\u00e7\u0131l\u0131\u015f\u0131n ertelenmesinin nedeninin zaman\u0131nda yap\u0131lmayan zemin et\u00fcdleri nedeniyle hattaki \u00e7\u00f6kmeler oldu\u011funu \u00f6ne s\u00fcrd\u00fc.<\/p>\n\n\n\n<p>Sivas-Ankara YHT hatt\u0131n\u0131n Sivas Kongresi&rsquo;nin y\u0131ld\u00f6n\u00fcm\u00fc olan 4 Eyl\u00fcl&rsquo;de a\u00e7\u0131l\u0131\u015f t\u00f6reni yap\u0131lacakt\u0131. Cumhurba\u015fkan\u0131 ve AKP Genel Ba\u015fkan\u0131 Recep Tayyip Erdo\u011fan&rsquo;\u0131n da kat\u0131laca\u011f\u0131 t\u00f6ren i\u00e7in Sivas Valisi Salih Ayhan ve Belediye Ba\u015fkan\u0131 Hilmi Bilgin \u00c7ar\u015famba g\u00fcn\u00fc Sivas Gar\u0131\u2019n\u0131 ziyaret ederek son haz\u0131rl\u0131klar\u0131 kontrol etmi\u015fti. Ancak beklenmedik bir \u015fekilde a\u00e7\u0131l\u0131\u015f ertelendi.<\/p>\n\n\n\n<figure class=\"wp-block-image\"><img decoding=\"async\" src=\"https:\/\/i.sozcu.com.tr\/wp-content\/uploads\/2021\/09\/05\/akp33.jpeg\" alt=\"\"\/><\/figure>\n\n\n\n<p><strong>\u201cGENEL M\u00dcD\u00dcRLER\u0130 G\u00d6REVDEN ALARAK \u0130\u015e\u0130N \u0130\u00c7\u0130NDEN \u00c7IKAMAZSINIZ\u201d<\/strong>https:\/\/3c609396f751bba3f2743c433ecd3371.safeframe.googlesyndication.com\/safeframe\/1-0-38\/html\/container.html<\/p>\n\n\n\n<p>Ankara-Sivas YHT hatt\u0131n\u0131n temeli 9 milyar TL b\u00fct\u00e7e ile 2008 y\u0131l\u0131nda at\u0131lm\u0131\u015ft\u0131&#8230;.<\/p>\n\n\n\n\n\n\n\n<p><a href=\"https:\/\/www.sozcu.com.tr\/2021\/gundem\/20-milyar-tl-maliyetli-yht-hattinda-yeni-skandal-6632490\/\">https:\/\/www.sozcu.com.tr\/2021\/gundem\/20-milyar-tl-maliyetli-yht-hattinda-yeni-skandal-6632490\/<\/a><\/p>\n","protected":false},"excerpt":{"rendered":"<p>Cumhurba\u015fkan\u0131 ve AKP Genel Ba\u015fkan\u0131 Recep Tayyip Erdo\u011fan taraf\u0131ndan 4 Eyl\u00fcl 2021 tarihinde a\u00e7\u0131lmas\u0131 planlanan ancak ertelenen, \u015fu ana kadar yakla\u015f\u0131k 20 milyar TL harcanan Ankara-Sivas Y\u00fcksek H\u0131zl\u0131 Tren hatt\u0131nda skandallar bitmiyor. A\u00e7\u0131l\u0131\u015f\u0131 yedinci&#46;&#46;&#46;<\/p>\n","protected":false},"author":1,"featured_media":0,"comment_status":"open","ping_status":"open","sticky":false,"template":"","format":"standard","meta":{"footnotes":""},"categories":[1],"tags":[],"yst_prominent_words":[],"class_list":["post-2206","post","type-post","status-publish","format-standard","hentry","category-non-classe"],"lang":"tr","translations":{"fr":2208,"tr":2206,"en":2210,"es":2212,"de":2214},"pll_sync_post":[],"_links":{"self":[{"href":"https:\/\/turkey-zero-pollution.com\/index.php?rest_route=\/wp\/v2\/posts\/2206","targetHints":{"allow":["GET"]}}],"collection":[{"href":"https:\/\/turkey-zero-pollution.com\/index.php?rest_route=\/wp\/v2\/posts"}],"about":[{"href":"https:\/\/turkey-zero-pollution.com\/index.php?rest_route=\/wp\/v2\/types\/post"}],"author":[{"embeddable":true,"href":"https:\/\/turkey-zero-pollution.com\/index.php?rest_route=\/wp\/v2\/users\/1"}],"replies":[{"embeddable":true,"href":"https:\/\/turkey-zero-pollution.com\/index.php?rest_route=%2Fwp%2Fv2%2Fcomments&post=2206"}],"version-history":[{"count":0,"href":"https:\/\/turkey-zero-pollution.com\/index.php?rest_route=\/wp\/v2\/posts\/2206\/revisions"}],"wp:attachment":[{"href":"https:\/\/turkey-zero-pollution.com\/index.php?rest_route=%2Fwp%2Fv2%2Fmedia&parent=2206"}],"wp:term":[{"taxonomy":"category","embeddable":true,"href":"https:\/\/turkey-zero-pollution.com\/index.php?rest_route=%2Fwp%2Fv2%2Fcategories&post=2206"},{"taxonomy":"post_tag","embeddable":true,"href":"https:\/\/turkey-zero-pollution.com\/index.php?rest_route=%2Fwp%2Fv2%2Ftags&post=2206"},{"taxonomy":"yst_prominent_words","embeddable":true,"href":"https:\/\/turkey-zero-pollution.com\/index.php?rest_route=%2Fwp%2Fv2%2Fyst_prominent_words&post=2206"}],"curies":[{"name":"wp","href":"https:\/\/api.w.org\/{rel}","templated":true}]}}