{"id":1729,"date":"2021-05-23T01:03:38","date_gmt":"2021-05-23T00:03:38","guid":{"rendered":"https:\/\/turkey-zero-pollution.com\/?p=1729"},"modified":"2021-05-23T01:03:41","modified_gmt":"2021-05-23T00:03:41","slug":"mal-cep-cevre-mucadelesini-siyasetten-bagimsiz-goruyoruz","status":"publish","type":"post","link":"https:\/\/turkey-zero-pollution.com\/?p=1729","title":{"rendered":"Mal-\u00c7ep: \u00c7evre m\u00fccadelesini siyasetten ba\u011f\u0131ms\u0131z g\u00f6r\u00fcyoruz"},"content":{"rendered":"\n<p><strong><a href=\"https:\/\/www.pirha.net\/kategori\/tum-haberler\/\">T\u00dcM HABERLER<\/a><\/strong><strong><a href=\"https:\/\/www.pirha.net\/kategori\/tum-haberler\/ekoloji\/\">EKOLOJ\u0130 HABERLER\u0130<\/a><\/strong>Yay\u0131n Tarihi:&nbsp;<strong>09 May\u0131s 2021 &#8211; 13:34<\/strong><\/p>\n\n\n\n<figure class=\"wp-block-image\"><a href=\"https:\/\/www.pirha.net\/wp-content\/uploads\/2021\/05\/mal-cep-malatya-cevre-platformu.jpeg\"><img decoding=\"async\" src=\"https:\/\/www.pirha.net\/wp-content\/uploads\/2021\/05\/mal-cep-malatya-cevre-platformu.jpeg\" alt=\"\"\/><\/a><\/figure>\n\n\n\n<p><strong>Payla\u015f<\/strong><a href=\"https:\/\/www.facebook.com\/sharer.php?u=https%3A%2F%2Fwww.pirha.net%2Fmal-cep-cevre-mucadelesini-siyasetten-bagimsiz-goruyoruz-267362.html%2F09%2F05%2F2021%2F\" target=\"_blank\" rel=\"noreferrer noopener\"><\/a><a href=\"https:\/\/twitter.com\/share?text=Mal-%C3%87ep:%20%C3%87evre%20m%C3%BCcadelesini%20siyasetten%20ba%C4%9F%C4%B1ms%C4%B1z%20g%C3%B6r%C3%BCyoruz%20@PirhaberAjansi&amp;url=https%3A%2F%2Fwww.pirha.net%2Fmal-cep-cevre-mucadelesini-siyasetten-bagimsiz-goruyoruz-267362.html%2F09%2F05%2F2021%2F\" target=\"_blank\" rel=\"noreferrer noopener\"><\/a><a href=\"https:\/\/reddit.com\/submit?url=https%3A%2F%2Fwww.pirha.net%2Fmal-cep-cevre-mucadelesini-siyasetten-bagimsiz-goruyoruz-267362.html%2F09%2F05%2F2021%2F&amp;title=Mal-%C3%87ep:%20%C3%87evre%20m%C3%BCcadelesini%20siyasetten%20ba%C4%9F%C4%B1ms%C4%B1z%20g%C3%B6r%C3%BCyoruz\" target=\"_blank\" rel=\"noreferrer noopener\"><\/a><a href=\"https:\/\/pinterest.com\/pin\/create\/button\/?url=https%3A%2F%2Fwww.pirha.net%2Fmal-cep-cevre-mucadelesini-siyasetten-bagimsiz-goruyoruz-267362.html%2F09%2F05%2F2021%2F&amp;media=https:\/\/www.pirha.net\/wp-content\/uploads\/2021\/05\/mal-cep-malatya-cevre-platformu.jpeg&amp;description=Mal-%C3%87ep:%20%C3%87evre%20m%C3%BCcadelesini%20siyasetten%20ba%C4%9F%C4%B1ms%C4%B1z%20g%C3%B6r%C3%BCyoruz\" target=\"_blank\" rel=\"noreferrer noopener\"><\/a><a href=\"mailto:?subject=Mal-%C3%87ep:%20%C3%87evre%20m%C3%BCcadelesini%20siyasetten%20ba%C4%9F%C4%B1ms%C4%B1z%20g%C3%B6r%C3%BCyoruz&amp;body=https%3A%2F%2Fwww.pirha.net%2Fmal-cep-cevre-mucadelesini-siyasetten-bagimsiz-goruyoruz-267362.html%2F09%2F05%2F2021%2F\" target=\"_blank\" rel=\"noreferrer noopener\"><\/a><a href=\"https:\/\/www.facebook.com\/dialog\/send?link=https%3A%2F%2Fwww.pirha.net%2Fmal-cep-cevre-mucadelesini-siyasetten-bagimsiz-goruyoruz-267362.html%2F09%2F05%2F2021%2F&amp;app_id=521270401588372&amp;redirect_uri=https%3A%2F%2Fwww.pirha.net%2Fmal-cep-cevre-mucadelesini-siyasetten-bagimsiz-goruyoruz-267362.html%2F09%2F05%2F2021%2F\" target=\"_blank\" rel=\"noreferrer noopener\"><\/a><a href=\"https:\/\/telegram.me\/share\/url?url=https%3A%2F%2Fwww.pirha.net%2Fmal-cep-cevre-mucadelesini-siyasetten-bagimsiz-goruyoruz-267362.html%2F09%2F05%2F2021%2F&amp;text=Mal-%C3%87ep:%20%C3%87evre%20m%C3%BCcadelesini%20siyasetten%20ba%C4%9F%C4%B1ms%C4%B1z%20g%C3%B6r%C3%BCyoruz\" target=\"_blank\" rel=\"noreferrer noopener\"><\/a><\/p>\n\n\n\n<p><strong>P\u0130RHA- Malatya \u00c7evre Platformu (Mal-\u00c7ep), Platformun Malatya ve T\u00fcrkiye\u2019deki S\u00f6zc\u00fclerine ve Y\u00fcr\u00fctme Kurulu \u00dcyelerine y\u00f6nelik ithamlara ve a\u015fa\u011f\u0131lay\u0131c\u0131 hakaretlere ili\u015fkin yaz\u0131l\u0131 bas\u0131n a\u00e7\u0131klamas\u0131 yapt\u0131.<\/strong><\/p>\n\n\n\n<p>29 Eyl\u00fcl 2020 tarihinde kurulu\u015f deklarasyonunu yay\u0131nlayarak Malatya\u2019n\u0131n t\u00fcm il\u00e7e ve k\u00f6ylerinde ya\u015fanan ve ya\u015fanacak \u00e7evre talanlar\u0131na kar\u015f\u0131; antikapitalist bir \u00e7evre m\u00fccadelesi ba\u015flatan Malatya \u00c7evre Platformu (Mal-\u00c7ep), kendilerine y\u00f6neltilen ithamlara ve a\u015fa\u011f\u0131lay\u0131c\u0131 hakaretlere ili\u015fkin yaz\u0131l\u0131 bas\u0131n a\u00e7\u0131klamas\u0131 yapt\u0131.<\/p>\n\n\n\n<p>Yap\u0131lan bas\u0131n a\u00e7\u0131klamas\u0131nda \u201cPlatformumuz kuruldu\u011fu andan itibaren, platformumuzun S\u00f6zc\u00fclerine, Y\u00fcr\u00fctme Kurulu \u00dcyelerine, \u0130l -\u0130l\u00e7e Temsilcilerine ve \u00fcyelerine y\u00f6nelik haks\u0131z itham, komplo, tehdit ve bask\u0131lar\u0131n gelebilece\u011fini biliyorduk. Bir ka\u00e7 kamuoyu a\u00e7\u0131klamalar\u0131m\u0131zda bunlar\u0131n olabilece\u011fini, ancak bunlara boyun e\u011fmeyece\u011fimizi, m\u00fccadelemizden geri durmayaca\u011f\u0131m\u0131z\u0131 kamuoyuna duyurduk. Platform olarak; biz yasal ve me\u015fru yoldan m\u00fccadelemizi s\u00fcrd\u00fcr\u00fcyoruz\u201d denildi.<\/p>\n\n\n\n<p><strong>\u201c\u0130LKEL\u0130 DURU\u015eUMUZU DEVAM ETT\u0130RECE\u011e\u0130Z\u201d<\/strong><\/p>\n\n\n\n<p>Yaz\u0131l\u0131 bas\u0131n a\u00e7\u0131klamas\u0131nda \u015funlar kaydedildi:<\/p>\n\n\n\n<p>\u201cPlatformumuz Malatya ve T\u00fcrkiye\u2019deki S\u00f6zc\u00fclerine ve Y\u00fcr\u00fctme Kurulu \u00fcyelerine y\u00f6nelik maden \u015firketleri ve maden lobicisi baz\u0131 ki\u015filer ile baz\u0131 koltuk merakl\u0131s\u0131 yerel siyaset\u00e7ilerin kendi koltuklar\u0131 ve yereldeki siyasi etkinlikleri&nbsp; ellerinden gidecek diye&nbsp; haks\u0131z bir \u00e7ok itham ve iftira at\u0131lmas\u0131na, yanl\u0131\u015f yaz\u0131lar yaz\u0131lmas\u0131na ra\u011fmen; Malatya \u00c7evre Platformu olarak biz; arkada\u015flar\u0131m\u0131za g\u00fcvendi\u011fimiz i\u00e7in, bu ithamlar\u0131 ciddiye almad\u0131k. Yaz\u0131lanlara cevap verme ihtiyac\u0131 bile duymad\u0131k. Bu ilkeli duru\u015fumuzu bundan sonra da devam ettirece\u011fiz.<\/p>\n\n\n\n<p>Maden \u015firketlerinin ve maden lobicilerinin, \u00e7evre talan\u0131na kar\u015f\u0131 ya\u015fam alanlar\u0131m\u0131z\u0131 savunma m\u00fccadelemizde; s\u00f6zc\u00fclerimize ve YK \u00dcyelerimize&nbsp; att\u0131klar\u0131 iftira ve ithamlar\u0131, yazd\u0131klar\u0131 yalan yaz\u0131lar\u0131, \u2018\u015firketler ve i\u015fbirlik\u00e7ilerinin kendi rant ve soygun d\u00fczenlerinin bir gere\u011fi olarak yap\u0131yorlar\u2019 deyip ge\u00e7ebilir ve hi\u00e7 ciddiye de almay\u0131z.<\/p>\n\n\n\n<p>Ancak bug\u00fcne kadar g\u00f6rd\u00fc\u011f\u00fcm\u00fcz ve bundan sonra da dost g\u00f6rmeye devam edece\u011fimiz kurum ve ki\u015filerin bu t\u00fcr yan\u0131lt\u0131c\u0131 a\u00e7\u0131klama ve yaz\u0131lar\u0131n\u0131 da anlay\u0131\u015fla kar\u015f\u0131lanmayaca\u011f\u0131m\u0131z\u0131n bilinmesini istiyoruz. Her bir \u00fcyemizin, y\u00fcr\u00fctme kurulu ve s\u00f6zc\u00fclerimizin yan\u0131nda oldu\u011fumuzun ve olmaya da devam edece\u011fimizi, ilgili ki\u015fi ve kurumlara hat\u0131rlatmak isteriz.\u201d<\/p>\n\n\n\n<p><strong>\u201c\u00c7EVRE M\u00dcCADELES\u0130N\u0130&nbsp; S\u0130YASETTEN BA\u011eIMSIZ&nbsp; G\u00d6R\u00dcYORUZ\u201d<\/strong><\/p>\n\n\n\n<p>\u201cEkoloji m\u00fccadelesini ve ya\u015fam savunmas\u0131n\u0131n siyasetini, siyasi program ve t\u00fcz\u00fcklerden ba\u011f\u0131ms\u0131z olarak kendi bulundu\u011fumuz alanlarda \u00fcretiyoruz\u201d vurgusu yap\u0131lan a\u00e7\u0131klama \u015f\u00f6yle devam etti:<\/p>\n\n\n\n<p>\u201cBir ka\u00e7 emperyalist \u00fclke \u015firketleri ve soyguncu 3-5 T\u00fcrk \u015firketi dolarlar\u0131na dolar katacaklar diye; ba\u015fta bizlerin sa\u011fl\u0131\u011f\u0131 olmak \u00fczere, do\u011fada ya\u015fayan b\u00fct\u00fcn canl\u0131lar\u0131n&nbsp; sa\u011fl\u0131\u011f\u0131 ile \u00f6nemli ge\u00e7im kaynaklar\u0131m\u0131z olan&nbsp; tar\u0131m, hayvanc\u0131l\u0131k, sular\u0131m\u0131z,&nbsp; tarihi ve k\u00fclt\u00fcrel de\u011ferlerimizin yok olmas\u0131na g\u00f6z m\u00fc yumal\u0131m? &nbsp;Bu \u015firketler, bu \u015firketlerden beslenen baz\u0131 kurum ve ki\u015filer,&nbsp; maden lobicileri gibi k\u00fc\u00e7\u00fck \u00e7\u0131kar \u00e7evreleri bu ya\u011fmaya evet diyebilirler. Ancak biz bunlara hay\u0131r demeye devam edece\u011fiz.<\/p>\n\n\n\n<p>Biz, Platform olarak bug\u00fcne kadar nas\u0131l resmi olarak dost g\u00f6rd\u00fc\u011f\u00fcm\u00fcz hi\u00e7 bir kurum ve ki\u015fi hakk\u0131nda a\u00e7\u0131klama yapmad\u0131k ve yaz\u0131 yazmad\u0131ysak; dostlar\u0131m\u0131zdan da bunu beklemek platformumuzun en do\u011fal hakk\u0131d\u0131r. \u00c7\u00fcnk\u00fc; bu t\u00fcr yanl\u0131\u015f a\u00e7\u0131klamalar\u0131n emperyalist \u015firketler ile bunlar\u0131n T\u00fcrkiye\u2019deki soyguncu i\u015fbirlik\u00e7i bir ka\u00e7 \u015firket ile maden lobicilerinin i\u015fine yarad\u0131\u011f\u0131n\u0131 da ayr\u0131ca belirtmek isteriz. Ancak kendi enerjimizi dedikodu ve i\u00e7i bo\u015f s\u00f6zlere dayal\u0131 ger\u00e7ek d\u0131\u015f\u0131 a\u00e7\u0131klamalar i\u00e7in harcamayaca\u011f\u0131z.\u201d<\/p>\n\n\n\n<p><strong>MAL-\u00c7EP DAYANI\u015eMA \u00c7A\u011eRISI<\/strong>&#8230; Devam LINK<\/p>\n\n\n\n\n\n\n\n<figure class=\"wp-block-embed is-type-wp-embed is-provider-pirha wp-block-embed-pirha\"><div class=\"wp-block-embed__wrapper\">\nhttps:\/\/www.pirha.net\/mal-cep-cevre-mucadelesini-siyasetten-bagimsiz-goruyoruz-267362.html\/09\/05\/2021\/\n<\/div><\/figure>\n","protected":false},"excerpt":{"rendered":"<p>T\u00dcM HABERLEREKOLOJ\u0130 HABERLER\u0130Yay\u0131n Tarihi:&nbsp;09 May\u0131s 2021 &#8211; 13:34 Payla\u015f P\u0130RHA- Malatya \u00c7evre Platformu (Mal-\u00c7ep), Platformun Malatya ve T\u00fcrkiye\u2019deki S\u00f6zc\u00fclerine ve Y\u00fcr\u00fctme Kurulu \u00dcyelerine y\u00f6nelik ithamlara ve a\u015fa\u011f\u0131lay\u0131c\u0131 hakaretlere ili\u015fkin yaz\u0131l\u0131 bas\u0131n a\u00e7\u0131klamas\u0131 yapt\u0131. 29&#46;&#46;&#46;<\/p>\n","protected":false},"author":1,"featured_media":0,"comment_status":"open","ping_status":"open","sticky":false,"template":"","format":"standard","meta":{"footnotes":""},"categories":[1],"tags":[],"yst_prominent_words":[],"class_list":["post-1729","post","type-post","status-publish","format-standard","hentry","category-non-classe"],"lang":"tr","translations":{"es":1731,"tr":1729,"de":1733,"en":1735,"fr":1737},"pll_sync_post":[],"_links":{"self":[{"href":"https:\/\/turkey-zero-pollution.com\/index.php?rest_route=\/wp\/v2\/posts\/1729","targetHints":{"allow":["GET"]}}],"collection":[{"href":"https:\/\/turkey-zero-pollution.com\/index.php?rest_route=\/wp\/v2\/posts"}],"about":[{"href":"https:\/\/turkey-zero-pollution.com\/index.php?rest_route=\/wp\/v2\/types\/post"}],"author":[{"embeddable":true,"href":"https:\/\/turkey-zero-pollution.com\/index.php?rest_route=\/wp\/v2\/users\/1"}],"replies":[{"embeddable":true,"href":"https:\/\/turkey-zero-pollution.com\/index.php?rest_route=%2Fwp%2Fv2%2Fcomments&post=1729"}],"version-history":[{"count":0,"href":"https:\/\/turkey-zero-pollution.com\/index.php?rest_route=\/wp\/v2\/posts\/1729\/revisions"}],"wp:attachment":[{"href":"https:\/\/turkey-zero-pollution.com\/index.php?rest_route=%2Fwp%2Fv2%2Fmedia&parent=1729"}],"wp:term":[{"taxonomy":"category","embeddable":true,"href":"https:\/\/turkey-zero-pollution.com\/index.php?rest_route=%2Fwp%2Fv2%2Fcategories&post=1729"},{"taxonomy":"post_tag","embeddable":true,"href":"https:\/\/turkey-zero-pollution.com\/index.php?rest_route=%2Fwp%2Fv2%2Ftags&post=1729"},{"taxonomy":"yst_prominent_words","embeddable":true,"href":"https:\/\/turkey-zero-pollution.com\/index.php?rest_route=%2Fwp%2Fv2%2Fyst_prominent_words&post=1729"}],"curies":[{"name":"wp","href":"https:\/\/api.w.org\/{rel}","templated":true}]}}