{"id":1264,"date":"2021-03-28T19:07:07","date_gmt":"2021-03-28T18:07:07","guid":{"rendered":"http:\/\/turkey-zero-pollution.com\/?p=1264"},"modified":"2021-03-28T19:07:12","modified_gmt":"2021-03-28T18:07:12","slug":"tupragdan-ced-icin-proje-oyunu","status":"publish","type":"post","link":"https:\/\/turkey-zero-pollution.com\/?p=1264","title":{"rendered":"T\u00dcPRAG\u2019dan \u00c7ED i\u00e7in proje oyunu"},"content":{"rendered":"\n<h2 class=\"wp-block-heading\">\u00c7ED gerekli de\u011fildir karar\u0131 almak i\u00e7in kanunun arkas\u0131ndan dolanan T\u00dcPRAG, maden oca\u011f\u0131 i\u00e7in iki ayr\u0131 projeyle ba\u015fvurdu. Avukat Atal, \u201cKanuna kar\u015f\u0131 hile yap\u0131yorlar. \u015eirketler gelecekte b\u00fcy\u00fck tazminat \u00f6demek zorunda kalacak\u201d dedi.<\/h2>\n\n\n\n<figure class=\"wp-block-image\"><img decoding=\"async\" src=\"https:\/\/static.birgun.net\/resim\/haber-detay-resim\/2021\/03\/24\/tuprag-dan-ced-icin-proje-oyunu-856206-5.jpg\" alt=\"T\u00dcPRAG\u2019dan \u00c7ED i\u00e7in proje oyunu\"\/><\/figure>\n\n\n\n<p><strong>G\u00f6kay BA\u015eCAN<\/strong><\/p>\n\n\n\n<p>Kanadal\u0131 \u015firket Eldorado Gold\u2019un yerli i\u015ftiraki T\u00dcPRAG \u015fimdi de g\u00f6z\u00fcn\u00fc Denizli\u2019ye dikti. Mevzuattan yararlanarak \u00e7evresel etki de\u011ferlendirme (\u00c7ED) gerekli de\u011fildir karar\u0131 almak isteyen \u015firket ayn\u0131 maden oca\u011f\u0131 i\u00e7in \u2018iki ayr\u0131\u2019 ba\u015fvuru yapt\u0131.<br><br>Samsun\u2019un \u015eahin Da\u011flar\u0131\u2019nda, Kazda\u011flar\u0131\u2019n\u0131n 5 kat b\u00fcy\u00fckl\u00fc\u011f\u00fcndeki bir alanda alt\u0131n madeni \u00e7al\u0131\u015fmalar\u0131na devam eden T\u00dcPRAG, Denizli\u2019nin \u00c7ivril il\u00e7esi, G\u00fcrp\u00fcnar Mahallesi\u2019nde kire\u00e7ta\u015f\u0131 oca\u011f\u0131 a\u00e7mak i\u00e7in \u00c7evre ve \u015eehircilik Bakanl\u0131\u011f\u0131\u2019na ba\u015fvuruda bulundu. 25 hektar alt\u0131ndaki projelerin \u00c7ED kapsam\u0131 d\u0131\u015f\u0131nda de\u011ferlendirilmesini \u2018f\u0131rsat\u2019 bilen \u015firket toplamda 39,26 hektar\u0131 bulan madencilik faaliyetini iki ayr\u0131 projeymi\u015f gibi, iki g\u00fcn arayla sundu.<\/p>\n\n\n\n<p><a href=\"https:\/\/www.birgun.net\/haber\/tuprag-dan-ced-icin-proje-oyunu-338683#.YFr6QiYikRA.facebook\">https:\/\/www.birgun.net\/haber\/tuprag-dan-ced-icin-proje-oyunu-338683#.YFr6QiYikRA.facebook<\/a><\/p>\n","protected":false},"excerpt":{"rendered":"<p>\u00c7ED gerekli de\u011fildir karar\u0131 almak i\u00e7in kanunun arkas\u0131ndan dolanan T\u00dcPRAG, maden oca\u011f\u0131 i\u00e7in iki ayr\u0131 projeyle ba\u015fvurdu. Avukat Atal, \u201cKanuna kar\u015f\u0131 hile yap\u0131yorlar. \u015eirketler gelecekte b\u00fcy\u00fck tazminat \u00f6demek zorunda kalacak\u201d dedi. G\u00f6kay BA\u015eCAN Kanadal\u0131&#46;&#46;&#46;<\/p>\n","protected":false},"author":1,"featured_media":0,"comment_status":"open","ping_status":"open","sticky":false,"template":"","format":"standard","meta":{"footnotes":""},"categories":[1],"tags":[],"yst_prominent_words":[],"class_list":["post-1264","post","type-post","status-publish","format-standard","hentry","category-non-classe"],"lang":"tr","translations":{"fr":1266,"tr":1264,"en":1268,"de":1270,"es":1272},"pll_sync_post":[],"_links":{"self":[{"href":"https:\/\/turkey-zero-pollution.com\/index.php?rest_route=\/wp\/v2\/posts\/1264","targetHints":{"allow":["GET"]}}],"collection":[{"href":"https:\/\/turkey-zero-pollution.com\/index.php?rest_route=\/wp\/v2\/posts"}],"about":[{"href":"https:\/\/turkey-zero-pollution.com\/index.php?rest_route=\/wp\/v2\/types\/post"}],"author":[{"embeddable":true,"href":"https:\/\/turkey-zero-pollution.com\/index.php?rest_route=\/wp\/v2\/users\/1"}],"replies":[{"embeddable":true,"href":"https:\/\/turkey-zero-pollution.com\/index.php?rest_route=%2Fwp%2Fv2%2Fcomments&post=1264"}],"version-history":[{"count":0,"href":"https:\/\/turkey-zero-pollution.com\/index.php?rest_route=\/wp\/v2\/posts\/1264\/revisions"}],"wp:attachment":[{"href":"https:\/\/turkey-zero-pollution.com\/index.php?rest_route=%2Fwp%2Fv2%2Fmedia&parent=1264"}],"wp:term":[{"taxonomy":"category","embeddable":true,"href":"https:\/\/turkey-zero-pollution.com\/index.php?rest_route=%2Fwp%2Fv2%2Fcategories&post=1264"},{"taxonomy":"post_tag","embeddable":true,"href":"https:\/\/turkey-zero-pollution.com\/index.php?rest_route=%2Fwp%2Fv2%2Ftags&post=1264"},{"taxonomy":"yst_prominent_words","embeddable":true,"href":"https:\/\/turkey-zero-pollution.com\/index.php?rest_route=%2Fwp%2Fv2%2Fyst_prominent_words&post=1264"}],"curies":[{"name":"wp","href":"https:\/\/api.w.org\/{rel}","templated":true}]}}