{"id":1176,"date":"2021-03-12T01:43:55","date_gmt":"2021-03-12T00:43:55","guid":{"rendered":"http:\/\/turkey-zero-pollution.com\/?p=1176"},"modified":"2021-03-12T01:45:10","modified_gmt":"2021-03-12T00:45:10","slug":"reabilitasyon-1000-metre-cukur-bumudur","status":"publish","type":"post","link":"https:\/\/turkey-zero-pollution.com\/?p=1176","title":{"rendered":"REAB\u0130L\u0130TASYON : 1000 Metre \u00c7UKUR bumudur ? soru 5"},"content":{"rendered":"\n<p>REAB\u0130L\u0130TASYON : 1000 Metre \u00c7UKUR bumudur ?<\/p>\n\n\n\n<p>Bir y\u0131ll\u0131k arazi haz\u0131rl\u0131k ve in\u015faat s\u00fcrecini takiben, yakla\u015f\u0131k 11 y\u0131ll\u0131k s\u00fcreyle \u00fcretim faaliyeti ger\u00e7ekle\u015ftirilecek olup, 2 y\u0131ll\u0131k kapatma s\u00fcreci ile birlikte toplamda 14 y\u0131l sonunda rehabilitasyon \u00e7al\u0131\u015fmalar\u0131 tamamlanm\u0131\u015f olacakt\u0131r..<\/p>\n\n\n\n<pre class=\"wp-block-code\"><code>- \"rehabilitasyon\" kelimesinin tam anlami ESKI HALINE D\u00f6necek . Sizler bizim aklimizla dalgami ge\u00e7iyorsunuz ?\n\n          -  Foto CED sayfa 167\n\n    Bu sayfada g\u00f6r\u00fcnen \u015fu. Muratdere k\u00f6y\u00fc oturum alan\u0131 kadar ( kabaca ) 2000 m  x 700 m alana, 1000 metre derin bir \u00e7ukur yap\u0131lacak. K\u00f6yl\u00fclerin dikkatine. sonra o arsalar sizin olmu\u015f ne \u00fcreteceksiniz ?\n\n- CED raporunda b\u00fcy\u00fck bir \u00c7UKUR G\u00d6R\u00dcN\u00dcYOR, bu ne demek? K\u00f6yl\u00fcleri ak\u0131ll\u0131 insandir.\n\n- Ba\u015fda 36 000 a\u011fa\u00e7, \u015fimdik 100 000 agacm\u0131 ? 2 senedemi ayn\u0131 hale getireceksiniz ? \n\n- Ka\u00e7 km \u00e7apinda zehirlenecek riskli topraklar var ?  ne zaman temizlenecek ?\n     - <\/code><\/pre>\n\n\n\n<figure class=\"wp-block-image size-large\"><a href=\"https:\/\/turkey-zero-pollution.com\/wp-content\/uploads\/2021\/03\/cukur1.jpeg\"><img fetchpriority=\"high\" decoding=\"async\" width=\"1024\" height=\"727\" src=\"https:\/\/turkey-zero-pollution.com\/wp-content\/uploads\/2021\/03\/cukur1-1024x727.jpeg\" alt=\"\" class=\"wp-image-1177\" srcset=\"https:\/\/turkey-zero-pollution.com\/wp-content\/uploads\/2021\/03\/cukur1-1024x727.jpeg 1024w, https:\/\/turkey-zero-pollution.com\/wp-content\/uploads\/2021\/03\/cukur1-300x213.jpeg 300w, https:\/\/turkey-zero-pollution.com\/wp-content\/uploads\/2021\/03\/cukur1-768x545.jpeg 768w, https:\/\/turkey-zero-pollution.com\/wp-content\/uploads\/2021\/03\/cukur1-1536x1091.jpeg 1536w, https:\/\/turkey-zero-pollution.com\/wp-content\/uploads\/2021\/03\/cukur1.jpeg 1600w\" sizes=\"(max-width: 1024px) 100vw, 1024px\" \/><\/a><figcaption><code>Foto CED sayfa 167<\/code> &#8211; 2000m  x 700m derinlik 1000m<\/figcaption><\/figure>\n\n\n\n<p>T\u00fcrkiye\u2019de bilinen molibden i\u00e7eren yataklar\u0131n \u00e7o\u011funlu\u011fu porfiri bak\u0131r-molibden yataklar\u0131d\u0131r.<br>Hepsinde bak\u0131r birincil, molibden ise ikincil metal konumundad\u0131r. K\u0131rklareli-\u0130kiztepeler, K\u0131rklareli\u015e\u00fckr\u00fcpa\u015fa,<br>K\u0131rklareli-Derek\u00f6y, Keban-Nazl\u0131ziyaret, Trabzon-Ma\u00e7ka-G\u00fczelyayla ve Erzurum-\u0130spir-<br>Uluta\u015f bu tipe \u00f6rnek yataklard\u0131r. Keban- Karama\u011fara\u2019da hidrotermal damar tipi molibden-fluorit yata\u011f\u0131<br>bulunmaktad\u0131r. Ayr\u0131ca K\u0131rklareli \u015e\u00fckr\u00fcpa\u015fa\u2019da oldu\u011fu gibi kontak metamorfik olu\u015fumlar da<br>g\u00f6r\u00fclmektedir (http:\/\/www.mta.gov.tr).<\/p>\n\n\n\n<pre class=\"wp-block-code\"><code>- Bu b\u00f6lgelerin madenleri ne durumda merak edilir. Bence ciddi bir teknik heyet ziyaret etmesi gerek.\n- K\u00f6y muhtarlar\u0131, ve M\u00fchendisler i\u00e7eren guruba bu g\u00fcvenceyi verecekmisiniz?<\/code><\/pre>\n\n\n\n<p>\u00c7ED Alan\u0131n\u0131n Mikro Drenaj Havzas\u0131<br>\u00c7ED alan\u0131nda yer alan su havzalar\u0131 hakk\u0131nda detayl\u0131 bilgi elde edilmesi amac\u0131yla, havza modellemesi yap\u0131lm\u0131\u015ft\u0131r. Yap\u0131lan modellemede, inceleme alan\u0131 mikro havzalar\u0131 hidrolojik a\u00e7\u0131dan de\u011ferlendirilmi\u015ftir.<br>Etki alan\u0131 i\u00e7erisinde kalabilecek nehir ve derelerin drenaj alanlar\u0131 incelenmi\u015f ve \u00c7ED alan\u0131n\u0131 temsil eden mikro havzalar olu\u015fturulmu\u015ftur. Yap\u0131lan havza modellemesi ile \u00c7ED alan\u0131, \u00fc\u00e7 ayr\u0131 mikro havzaya ayr\u0131lm\u0131\u015ft\u0131r. Bu mikro havzalar Armutlu, Cehennem ve H\u00fcrriyet mikro havzalar\u0131d\u0131r (\u015eekil- 18). \u00c7ED alan\u0131 genel olarak bu \u00fc\u00e7 mikro havzalar\u0131 i\u00e7inde yer almaktad\u0131r. \u00c7ED alan\u0131 i\u00e7erisinde bulunan \u00fcnitelerden do\u011fu ocak alan\u0131 ve pasa d\u00f6k\u00fcm alan\u0131 Armutlu mikro havzas\u0131 i\u00e7erisinde ve at\u0131k depolama tesis (ADT) alan\u0131 Cehennem mikro havzas\u0131 i\u00e7erisinde<br>bulunmaktad\u0131r.<\/p>\n\n\n\n<pre class=\"wp-block-code\"><code>-Ekte sekil 18 (CED ) de g\u00f6sterdiginiz tum topraklari zehirlenmesine nasil engel olacaksiniz ?\n- Milyonlarca TON suyu nereden getireceksiniz?<\/code><\/pre>\n\n\n\n<p>Akarsular<br>Bat\u0131 ocak poligonu havza ayr\u0131m s\u0131n\u0131r\u0131nda ve b\u00f6lgeye g\u00f6re nispeten y\u00fcksek kotlarda yer ald\u0131\u011f\u0131ndan yeralt\u0131 suyu beslenme b\u00f6lgesinde bulundu\u011fu varsay\u0131labilir. \u00c7ED alan\u0131 ve \u00e7evresinde k\u00fc\u00e7\u00fck ve mevsimsel derelerle beslenen 6 adet ana dere vard\u0131r. Bunlardan Dalakkayd\u0131ran, Elmac\u0131k, Aksu dereleri akar dere, H\u00fcrriyet, Elmac\u0131k ve Armutlu mevsimsel dere \u00f6zelli\u011findedir. Proje \u00fcniteleri Aksu ve Armutlu derelerini besleyen mevsimsel dereler \u00fczerinde konumland\u0131r\u0131lsa da bu derelerle \u00fcnitelerle etkile\u015fimi ku\u015faklama ve derivasyon kanallar\u0131 ile engellenecektir. Proje kapsam\u0131nda planlanan bat\u0131 ocak ve do\u011fu ocak alanlar\u0131na en yak\u0131n akar dere 319,3 m mesafede olan Aksu<br>deresidir.<\/p>\n\n\n\n<pre class=\"wp-block-code\"><code>- isde geldik derelere, hangilerin ZEH\u0130RLENME R\u0130SK\u0130 VAR ? R\u0130SK ANAL\u0130Z\u0130 BUNU YAZMASI GEREK. MALESEF EKS\u0130KLER \u00c7OK.\n\n   - Do\u011fal afet olursa ( deprem, f\u0131rt\u0131na vs..) firman\u0131n sigortas\u0131 varm\u0131?\n    - Olas\u0131 dogal afetlerde zararlar\u0131n ka\u00e7 Milyar dolara \u00e7\u0131kacak hesap yap\u0131ld\u0131m\u0131 ? Sigortan\u0131z neleri ve ka\u00e7 Milyar Dollar kar\u015f\u0131l\u0131yor ?<\/code><\/pre>\n\n\n\n<p>Iklim:<br>Bilecik ili genelinde yer alan meteoroloji istasyonlar\u0131nda de\u011fi\u015fim d\u00f6nemler aras\u0131nda meterolojik parametreleri belirlemek amac\u0131 ile \u00f6l\u00e7\u00fcmler yap\u0131lm\u0131\u015f veya yap\u0131lmaktad\u0131r. Bu istasyonlarda \u00f6l\u00e7\u00fclen s\u0131cakl\u0131k parametresine ait uzun y\u0131llar rasat de\u011ferlerine g\u00f6re il genelinde en so\u011fuk ay -0.4oC ile ocak ay\u0131, en s\u0131cak ay ise 28,5 oC ile a\u011fustos ay\u0131d\u0131r. \u0130l genelinde de\u011fi\u015fik lokasyonlarda yer alan meteoroloji istasyonlar\u0131nda \u00f6l\u00e7\u00fclen ayl\u0131k ortalama s\u0131cakl\u0131k parametresi<br>konuma ve zaman g\u00f6re genellikle benzer bir sal\u0131n\u0131m hareketi g\u00f6stermektedir..<\/p>\n\n\n\n<pre class=\"wp-block-code\"><code>- bu verileri tekrar yerel halka sorun derim. Bazi  KI\u015e aylarinda bazi k\u00f6ylere ulasilmakta imkansiz.\n\n- Tablo- 25. Uzun Y\u0131llar \u0130\u00e7inde Ger\u00e7ekle\u015fen En Y\u00fcksek ve En D\u00fc\u015f\u00fck S\u0131cakl\u0131k De\u011ferleri (1939-2018). Bu tablo kismen biraz dogru , +41 oC \/ - 16 oC<\/code><\/pre>\n","protected":false},"excerpt":{"rendered":"<p>REAB\u0130L\u0130TASYON : 1000 Metre \u00c7UKUR bumudur ? Bir y\u0131ll\u0131k arazi haz\u0131rl\u0131k ve in\u015faat s\u00fcrecini takiben, yakla\u015f\u0131k 11 y\u0131ll\u0131k s\u00fcreyle \u00fcretim faaliyeti ger\u00e7ekle\u015ftirilecek olup, 2 y\u0131ll\u0131k kapatma s\u00fcreci ile birlikte toplamda 14 y\u0131l sonunda rehabilitasyon&#46;&#46;&#46;<\/p>\n","protected":false},"author":2,"featured_media":0,"comment_status":"open","ping_status":"open","sticky":false,"template":"","format":"standard","meta":{"footnotes":""},"categories":[1],"tags":[],"yst_prominent_words":[],"class_list":["post-1176","post","type-post","status-publish","format-standard","hentry","category-non-classe"],"lang":"tr","translations":{"tr":1176,"fr":1175,"en":1180,"de":1183,"es":1185},"pll_sync_post":[],"_links":{"self":[{"href":"https:\/\/turkey-zero-pollution.com\/index.php?rest_route=\/wp\/v2\/posts\/1176","targetHints":{"allow":["GET"]}}],"collection":[{"href":"https:\/\/turkey-zero-pollution.com\/index.php?rest_route=\/wp\/v2\/posts"}],"about":[{"href":"https:\/\/turkey-zero-pollution.com\/index.php?rest_route=\/wp\/v2\/types\/post"}],"author":[{"embeddable":true,"href":"https:\/\/turkey-zero-pollution.com\/index.php?rest_route=\/wp\/v2\/users\/2"}],"replies":[{"embeddable":true,"href":"https:\/\/turkey-zero-pollution.com\/index.php?rest_route=%2Fwp%2Fv2%2Fcomments&post=1176"}],"version-history":[{"count":0,"href":"https:\/\/turkey-zero-pollution.com\/index.php?rest_route=\/wp\/v2\/posts\/1176\/revisions"}],"wp:attachment":[{"href":"https:\/\/turkey-zero-pollution.com\/index.php?rest_route=%2Fwp%2Fv2%2Fmedia&parent=1176"}],"wp:term":[{"taxonomy":"category","embeddable":true,"href":"https:\/\/turkey-zero-pollution.com\/index.php?rest_route=%2Fwp%2Fv2%2Fcategories&post=1176"},{"taxonomy":"post_tag","embeddable":true,"href":"https:\/\/turkey-zero-pollution.com\/index.php?rest_route=%2Fwp%2Fv2%2Ftags&post=1176"},{"taxonomy":"yst_prominent_words","embeddable":true,"href":"https:\/\/turkey-zero-pollution.com\/index.php?rest_route=%2Fwp%2Fv2%2Fyst_prominent_words&post=1176"}],"curies":[{"name":"wp","href":"https:\/\/api.w.org\/{rel}","templated":true}]}}